{"id":942,"date":"2017-09-12T21:15:37","date_gmt":"2017-09-12T20:15:37","guid":{"rendered":"http:\/\/heliantus.pl\/szkola\/?p=942"},"modified":"2018-08-19T22:51:06","modified_gmt":"2018-08-19T21:51:06","slug":"dzien-integracji-w-helianusie","status":"publish","type":"post","link":"https:\/\/heliantus.pl\/szkola\/aktualnosci\/archiwum\/dzien-integracji-w-helianusie\/","title":{"rendered":"Dzie\u0144 integracji w Helianusie"},"content":{"rendered":"<p>W tym roku szkolnym do naszej heliantusowej spo\u0142eczno\u015bci, do\u0142\u0105czy\u0142o wielu nowych uczni\u00f3w. W zwi\u0105zku z tym w pierwszym tygodniu wrze\u015bnia w naszej szkole zorganizowany zosta\u0142 Dzie\u0144 Integracji Szko\u0142y. Uczniowie zostali podzieleni na mieszane grupy po kilka os\u00f3b z r\u00f3\u017cnych klas. W tych zespo\u0142ach brali udzia\u0142 w zawodach sportowych oraz wielu zabawach integracyjnych, za kt\u00f3re zdobywali punkty dla swoich dru\u017cyn. Nie zabrak\u0142o r\u00f3wnie\u017c konkursu &#8222;Jaka to melodia?&#8221;.<br \/>\nTakie wydarzenie pozwoli\u0142o wszystkim lepiej si\u0119 pozna\u0107, zar\u00f3wno m\u0142odszym uczniom ze starszymi, jak i w swoich nowych zespo\u0142ach klasowych.<br \/>\n<a href=\"http:\/\/heliantus.pl\/szkola\/wp-content\/uploads\/2017\/09\/20170908_094815.jpg\" data-rel=\"lightbox-gallery-0ZRccAXz\" data-rl_title=\"\" data-rl_caption=\"\" title=\"\"><img fetchpriority=\"high\" decoding=\"async\" class=\"alignnone size-medium wp-image-943\" src=\"http:\/\/heliantus.pl\/szkola\/wp-content\/uploads\/2017\/09\/20170908_094815-300x169.jpg\" alt=\"\" width=\"300\" height=\"169\" srcset=\"https:\/\/heliantus.pl\/szkola\/wp-content\/uploads\/2017\/09\/20170908_094815-300x169.jpg 300w, https:\/\/heliantus.pl\/szkola\/wp-content\/uploads\/2017\/09\/20170908_094815-768x432.jpg 768w, https:\/\/heliantus.pl\/szkola\/wp-content\/uploads\/2017\/09\/20170908_094815-1024x576.jpg 1024w, https:\/\/heliantus.pl\/szkola\/wp-content\/uploads\/2017\/09\/20170908_094815-360x203.jpg 360w\" sizes=\"(max-width: 300px) 100vw, 300px\" \/><\/a><\/p>\n<p><a href=\"http:\/\/heliantus.pl\/szkola\/wp-content\/uploads\/2017\/09\/20170908_094821.jpg\" data-rel=\"lightbox-gallery-0ZRccAXz\" data-rl_title=\"\" data-rl_caption=\"\" title=\"\"><img decoding=\"async\" class=\"alignnone size-medium wp-image-944\" src=\"http:\/\/heliantus.pl\/szkola\/wp-content\/uploads\/2017\/09\/20170908_094821-300x169.jpg\" alt=\"\" width=\"300\" height=\"169\" srcset=\"https:\/\/heliantus.pl\/szkola\/wp-content\/uploads\/2017\/09\/20170908_094821-300x169.jpg 300w, https:\/\/heliantus.pl\/szkola\/wp-content\/uploads\/2017\/09\/20170908_094821-768x432.jpg 768w, https:\/\/heliantus.pl\/szkola\/wp-content\/uploads\/2017\/09\/20170908_094821-1024x576.jpg 1024w, https:\/\/heliantus.pl\/szkola\/wp-content\/uploads\/2017\/09\/20170908_094821-360x203.jpg 360w\" sizes=\"(max-width: 300px) 100vw, 300px\" \/><\/a><\/p>\n<p><a href=\"http:\/\/heliantus.pl\/szkola\/wp-content\/uploads\/2017\/09\/20170908_100708.jpg\" data-rel=\"lightbox-gallery-0ZRccAXz\" data-rl_title=\"\" data-rl_caption=\"\" title=\"\"><img decoding=\"async\" class=\"alignnone size-medium wp-image-945\" src=\"http:\/\/heliantus.pl\/szkola\/wp-content\/uploads\/2017\/09\/20170908_100708-300x169.jpg\" alt=\"\" width=\"300\" height=\"169\" srcset=\"https:\/\/heliantus.pl\/szkola\/wp-content\/uploads\/2017\/09\/20170908_100708-300x169.jpg 300w, https:\/\/heliantus.pl\/szkola\/wp-content\/uploads\/2017\/09\/20170908_100708-768x432.jpg 768w, https:\/\/heliantus.pl\/szkola\/wp-content\/uploads\/2017\/09\/20170908_100708-1024x576.jpg 1024w, https:\/\/heliantus.pl\/szkola\/wp-content\/uploads\/2017\/09\/20170908_100708-360x203.jpg 360w\" sizes=\"(max-width: 300px) 100vw, 300px\" \/><\/a><\/p>\n<p><a href=\"http:\/\/heliantus.pl\/szkola\/wp-content\/uploads\/2017\/09\/20170908_101606.jpg\" data-rel=\"lightbox-gallery-0ZRccAXz\" data-rl_title=\"\" data-rl_caption=\"\" title=\"\"><img loading=\"lazy\" decoding=\"async\" class=\"alignnone size-medium wp-image-946\" src=\"http:\/\/heliantus.pl\/szkola\/wp-content\/uploads\/2017\/09\/20170908_101606-300x169.jpg\" alt=\"\" width=\"300\" height=\"169\" srcset=\"https:\/\/heliantus.pl\/szkola\/wp-content\/uploads\/2017\/09\/20170908_101606-300x169.jpg 300w, https:\/\/heliantus.pl\/szkola\/wp-content\/uploads\/2017\/09\/20170908_101606-768x432.jpg 768w, https:\/\/heliantus.pl\/szkola\/wp-content\/uploads\/2017\/09\/20170908_101606-1024x576.jpg 1024w, https:\/\/heliantus.pl\/szkola\/wp-content\/uploads\/2017\/09\/20170908_101606-360x203.jpg 360w\" sizes=\"(max-width: 300px) 100vw, 300px\" \/><\/a><\/p>\n<p><a href=\"http:\/\/heliantus.pl\/szkola\/wp-content\/uploads\/2017\/09\/20170908_102716.jpg\" data-rel=\"lightbox-gallery-0ZRccAXz\" data-rl_title=\"\" data-rl_caption=\"\" title=\"\"><img loading=\"lazy\" decoding=\"async\" class=\"alignnone size-medium wp-image-947\" src=\"http:\/\/heliantus.pl\/szkola\/wp-content\/uploads\/2017\/09\/20170908_102716-300x169.jpg\" alt=\"\" width=\"300\" height=\"169\" srcset=\"https:\/\/heliantus.pl\/szkola\/wp-content\/uploads\/2017\/09\/20170908_102716-300x169.jpg 300w, https:\/\/heliantus.pl\/szkola\/wp-content\/uploads\/2017\/09\/20170908_102716-768x432.jpg 768w, https:\/\/heliantus.pl\/szkola\/wp-content\/uploads\/2017\/09\/20170908_102716-1024x576.jpg 1024w, https:\/\/heliantus.pl\/szkola\/wp-content\/uploads\/2017\/09\/20170908_102716-360x203.jpg 360w\" sizes=\"(max-width: 300px) 100vw, 300px\" \/><\/a><\/p>\n<p><a href=\"http:\/\/heliantus.pl\/szkola\/wp-content\/uploads\/2017\/09\/20170908_104940.jpg\" data-rel=\"lightbox-gallery-0ZRccAXz\" data-rl_title=\"\" data-rl_caption=\"\" title=\"\"><img loading=\"lazy\" decoding=\"async\" class=\"alignnone size-medium wp-image-948\" src=\"http:\/\/heliantus.pl\/szkola\/wp-content\/uploads\/2017\/09\/20170908_104940-300x169.jpg\" alt=\"\" width=\"300\" height=\"169\" srcset=\"https:\/\/heliantus.pl\/szkola\/wp-content\/uploads\/2017\/09\/20170908_104940-300x169.jpg 300w, https:\/\/heliantus.pl\/szkola\/wp-content\/uploads\/2017\/09\/20170908_104940-768x432.jpg 768w, https:\/\/heliantus.pl\/szkola\/wp-content\/uploads\/2017\/09\/20170908_104940-1024x576.jpg 1024w, https:\/\/heliantus.pl\/szkola\/wp-content\/uploads\/2017\/09\/20170908_104940-360x203.jpg 360w\" sizes=\"(max-width: 300px) 100vw, 300px\" \/><\/a><\/p>\n<p><a href=\"http:\/\/heliantus.pl\/szkola\/wp-content\/uploads\/2017\/09\/20170908_105058.jpg\" data-rel=\"lightbox-gallery-0ZRccAXz\" data-rl_title=\"\" data-rl_caption=\"\" title=\"\"><img loading=\"lazy\" decoding=\"async\" class=\"alignnone size-medium wp-image-949\" src=\"http:\/\/heliantus.pl\/szkola\/wp-content\/uploads\/2017\/09\/20170908_105058-300x169.jpg\" alt=\"\" width=\"300\" height=\"169\" srcset=\"https:\/\/heliantus.pl\/szkola\/wp-content\/uploads\/2017\/09\/20170908_105058-300x169.jpg 300w, https:\/\/heliantus.pl\/szkola\/wp-content\/uploads\/2017\/09\/20170908_105058-768x432.jpg 768w, https:\/\/heliantus.pl\/szkola\/wp-content\/uploads\/2017\/09\/20170908_105058-1024x576.jpg 1024w, https:\/\/heliantus.pl\/szkola\/wp-content\/uploads\/2017\/09\/20170908_105058-360x203.jpg 360w\" sizes=\"(max-width: 300px) 100vw, 300px\" \/><\/a><\/p>\n<p><a href=\"http:\/\/heliantus.pl\/szkola\/wp-content\/uploads\/2017\/09\/20170908_112014.jpg\" data-rel=\"lightbox-gallery-0ZRccAXz\" data-rl_title=\"\" data-rl_caption=\"\" title=\"\"><img loading=\"lazy\" decoding=\"async\" class=\"alignnone size-medium wp-image-950\" src=\"http:\/\/heliantus.pl\/szkola\/wp-content\/uploads\/2017\/09\/20170908_112014-300x169.jpg\" alt=\"\" width=\"300\" height=\"169\" srcset=\"https:\/\/heliantus.pl\/szkola\/wp-content\/uploads\/2017\/09\/20170908_112014-300x169.jpg 300w, https:\/\/heliantus.pl\/szkola\/wp-content\/uploads\/2017\/09\/20170908_112014-768x432.jpg 768w, https:\/\/heliantus.pl\/szkola\/wp-content\/uploads\/2017\/09\/20170908_112014-1024x576.jpg 1024w, https:\/\/heliantus.pl\/szkola\/wp-content\/uploads\/2017\/09\/20170908_112014-360x203.jpg 360w\" sizes=\"(max-width: 300px) 100vw, 300px\" \/><\/a><\/p>\n","protected":false},"excerpt":{"rendered":"<p>W tym roku szkolnym do naszej heliantusowej spo\u0142eczno\u015bci, do\u0142\u0105czy\u0142o wielu nowych uczni\u00f3w. W zwi\u0105zku z tym w pierwszym tygodniu wrze\u015bnia w naszej szkole zorganizowany zosta\u0142 Dzie\u0144 Integracji Szko\u0142y. Uczniowie zostali podzieleni na mieszane grupy po kilka os\u00f3b z r\u00f3\u017cnych klas. <a href=\"https:\/\/heliantus.pl\/szkola\/aktualnosci\/archiwum\/dzien-integracji-w-helianusie\/\" class=\"read-more\">Czytaj dalej &#8230;<\/a><\/p>\n","protected":false},"author":1,"featured_media":948,"comment_status":"closed","ping_status":"closed","sticky":false,"template":"","format":"standard","meta":{"_eb_attr":"","footnotes":""},"categories":[24],"tags":[],"class_list":["post-942","post","type-post","status-publish","format-standard","has-post-thumbnail","hentry","category-archiwum"],"yoast_head":"<!-- This site is optimized with the Yoast SEO plugin v27.5 - https:\/\/yoast.com\/product\/yoast-seo-wordpress\/ -->\n<title>Szko\u0142a Podstawowa Heliantus | niepubliczna szko\u0142a podstawowa Warszawa-Ursyn\u00f3wDzie\u0144 integracji w Helianusie | Szko\u0142a Podstawowa Heliantus<\/title>\n<meta name=\"description\" content=\"Niepubliczna szko\u0142a podstawowa Heliantus w Warszawie-Ursyn\u00f3w (przy granicy z J\u00f3zefos\u0142awiem). Program: matematyka, informatyka, j\u0119zyki obce. Rekrutacja 2026\/27.\" \/>\n<meta name=\"robots\" content=\"index, follow, max-snippet:-1, max-image-preview:large, max-video-preview:-1\" \/>\n<link rel=\"canonical\" href=\"https:\/\/heliantus.pl\/szkola\/aktualnosci\/archiwum\/dzien-integracji-w-helianusie\/\" \/>\n<meta property=\"og:locale\" content=\"pl_PL\" \/>\n<meta property=\"og:type\" content=\"article\" \/>\n<meta property=\"og:title\" content=\"Szko\u0142a Podstawowa Heliantus | niepubliczna szko\u0142a podstawowa Warszawa-Ursyn\u00f3wDzie\u0144 integracji w Helianusie | Szko\u0142a Podstawowa Heliantus\" \/>\n<meta property=\"og:description\" content=\"Niepubliczna szko\u0142a podstawowa Heliantus w Warszawie-Ursyn\u00f3w (przy granicy z J\u00f3zefos\u0142awiem). Program: matematyka, informatyka, j\u0119zyki obce. Rekrutacja 2026\/27.\" \/>\n<meta property=\"og:url\" content=\"https:\/\/heliantus.pl\/szkola\/aktualnosci\/archiwum\/dzien-integracji-w-helianusie\/\" \/>\n<meta property=\"og:site_name\" content=\"Szko\u0142a Podstawowa Heliantus\" \/>\n<meta property=\"article:publisher\" content=\"https:\/\/facebook.com\/SPHeliantus\" \/>\n<meta property=\"article:published_time\" content=\"2017-09-12T20:15:37+00:00\" \/>\n<meta property=\"article:modified_time\" content=\"2018-08-19T21:51:06+00:00\" \/>\n<meta property=\"og:image\" content=\"https:\/\/heliantus.pl\/szkola\/wp-content\/uploads\/2017\/09\/20170908_104940-1024x576.jpg\" \/>\n\t<meta property=\"og:image:width\" content=\"1024\" \/>\n\t<meta property=\"og:image:height\" content=\"576\" \/>\n\t<meta property=\"og:image:type\" content=\"image\/jpeg\" \/>\n<meta name=\"author\" content=\"Heliantus\" \/>\n<meta name=\"twitter:card\" content=\"summary_large_image\" \/>\n<meta name=\"twitter:label1\" content=\"Napisane przez\" \/>\n\t<meta name=\"twitter:data1\" content=\"Heliantus\" \/>\n\t<meta name=\"twitter:label2\" content=\"Szacowany czas czytania\" \/>\n\t<meta name=\"twitter:data2\" content=\"1 minuta\" \/>\n<script type=\"application\/ld+json\" class=\"yoast-schema-graph\">{\"@context\":\"https:\\\/\\\/schema.org\",\"@graph\":[{\"@type\":\"Article\",\"@id\":\"https:\\\/\\\/heliantus.pl\\\/szkola\\\/aktualnosci\\\/archiwum\\\/dzien-integracji-w-helianusie\\\/#article\",\"isPartOf\":{\"@id\":\"https:\\\/\\\/heliantus.pl\\\/szkola\\\/aktualnosci\\\/archiwum\\\/dzien-integracji-w-helianusie\\\/\"},\"author\":{\"name\":\"Heliantus\",\"@id\":\"https:\\\/\\\/heliantus.pl\\\/szkola\\\/#\\\/schema\\\/person\\\/81a1410eaff929555dc31a770dfd618d\"},\"headline\":\"Dzie\u0144 integracji w Helianusie\",\"datePublished\":\"2017-09-12T20:15:37+00:00\",\"dateModified\":\"2018-08-19T21:51:06+00:00\",\"mainEntityOfPage\":{\"@id\":\"https:\\\/\\\/heliantus.pl\\\/szkola\\\/aktualnosci\\\/archiwum\\\/dzien-integracji-w-helianusie\\\/\"},\"wordCount\":108,\"publisher\":{\"@id\":\"https:\\\/\\\/heliantus.pl\\\/szkola\\\/#organization\"},\"image\":{\"@id\":\"https:\\\/\\\/heliantus.pl\\\/szkola\\\/aktualnosci\\\/archiwum\\\/dzien-integracji-w-helianusie\\\/#primaryimage\"},\"thumbnailUrl\":\"https:\\\/\\\/heliantus.pl\\\/szkola\\\/wp-content\\\/uploads\\\/2017\\\/09\\\/20170908_104940.jpg\",\"articleSection\":[\"Archiwum\"],\"inLanguage\":\"pl-PL\"},{\"@type\":\"WebPage\",\"@id\":\"https:\\\/\\\/heliantus.pl\\\/szkola\\\/aktualnosci\\\/archiwum\\\/dzien-integracji-w-helianusie\\\/\",\"url\":\"https:\\\/\\\/heliantus.pl\\\/szkola\\\/aktualnosci\\\/archiwum\\\/dzien-integracji-w-helianusie\\\/\",\"name\":\"Szko\u0142a Podstawowa Heliantus | niepubliczna szko\u0142a podstawowa Warszawa-Ursyn\u00f3wDzie\u0144 integracji w Helianusie | Szko\u0142a Podstawowa Heliantus\",\"isPartOf\":{\"@id\":\"https:\\\/\\\/heliantus.pl\\\/szkola\\\/#website\"},\"primaryImageOfPage\":{\"@id\":\"https:\\\/\\\/heliantus.pl\\\/szkola\\\/aktualnosci\\\/archiwum\\\/dzien-integracji-w-helianusie\\\/#primaryimage\"},\"image\":{\"@id\":\"https:\\\/\\\/heliantus.pl\\\/szkola\\\/aktualnosci\\\/archiwum\\\/dzien-integracji-w-helianusie\\\/#primaryimage\"},\"thumbnailUrl\":\"https:\\\/\\\/heliantus.pl\\\/szkola\\\/wp-content\\\/uploads\\\/2017\\\/09\\\/20170908_104940.jpg\",\"datePublished\":\"2017-09-12T20:15:37+00:00\",\"dateModified\":\"2018-08-19T21:51:06+00:00\",\"description\":\"Niepubliczna szko\u0142a podstawowa Heliantus w Warszawie-Ursyn\u00f3w (przy granicy z J\u00f3zefos\u0142awiem). Program: matematyka, informatyka, j\u0119zyki obce. Rekrutacja 2026\\\/27.\",\"breadcrumb\":{\"@id\":\"https:\\\/\\\/heliantus.pl\\\/szkola\\\/aktualnosci\\\/archiwum\\\/dzien-integracji-w-helianusie\\\/#breadcrumb\"},\"inLanguage\":\"pl-PL\",\"potentialAction\":[{\"@type\":\"ReadAction\",\"target\":[\"https:\\\/\\\/heliantus.pl\\\/szkola\\\/aktualnosci\\\/archiwum\\\/dzien-integracji-w-helianusie\\\/\"]}]},{\"@type\":\"ImageObject\",\"inLanguage\":\"pl-PL\",\"@id\":\"https:\\\/\\\/heliantus.pl\\\/szkola\\\/aktualnosci\\\/archiwum\\\/dzien-integracji-w-helianusie\\\/#primaryimage\",\"url\":\"https:\\\/\\\/heliantus.pl\\\/szkola\\\/wp-content\\\/uploads\\\/2017\\\/09\\\/20170908_104940.jpg\",\"contentUrl\":\"https:\\\/\\\/heliantus.pl\\\/szkola\\\/wp-content\\\/uploads\\\/2017\\\/09\\\/20170908_104940.jpg\",\"width\":5312,\"height\":2988},{\"@type\":\"BreadcrumbList\",\"@id\":\"https:\\\/\\\/heliantus.pl\\\/szkola\\\/aktualnosci\\\/archiwum\\\/dzien-integracji-w-helianusie\\\/#breadcrumb\",\"itemListElement\":[{\"@type\":\"ListItem\",\"position\":1,\"name\":\"Szko\u0142a Podstawowa\",\"item\":\"https:\\\/\\\/heliantus.pl\\\/szkola\\\/\"},{\"@type\":\"ListItem\",\"position\":2,\"name\":\"Dzie\u0144 integracji w Helianusie\"}]},{\"@type\":\"WebSite\",\"@id\":\"https:\\\/\\\/heliantus.pl\\\/szkola\\\/#website\",\"url\":\"https:\\\/\\\/heliantus.pl\\\/szkola\\\/\",\"name\":\"Szko\u0142a Podstawowa Heliantus | Niepubliczna szko\u0142a Ursyn\u00f3w, J\u00f3zefos\u0142aw | Programowanie, j\u0119zyki, matematyka\",\"description\":\"MATEMATYKA INFORMATYKA J\u0118ZYKI\",\"publisher\":{\"@id\":\"https:\\\/\\\/heliantus.pl\\\/szkola\\\/#organization\"},\"alternateName\":\"SP Heliantus\",\"potentialAction\":[{\"@type\":\"SearchAction\",\"target\":{\"@type\":\"EntryPoint\",\"urlTemplate\":\"https:\\\/\\\/heliantus.pl\\\/szkola\\\/?s={search_term_string}\"},\"query-input\":{\"@type\":\"PropertyValueSpecification\",\"valueRequired\":true,\"valueName\":\"search_term_string\"}}],\"inLanguage\":\"pl-PL\"},{\"@type\":\"Organization\",\"@id\":\"https:\\\/\\\/heliantus.pl\\\/szkola\\\/#organization\",\"name\":\"Szko\u0142a Podstawowa Heliantus\",\"alternateName\":\"SP Heliantus\",\"url\":\"https:\\\/\\\/heliantus.pl\\\/szkola\\\/\",\"logo\":{\"@type\":\"ImageObject\",\"inLanguage\":\"pl-PL\",\"@id\":\"https:\\\/\\\/heliantus.pl\\\/szkola\\\/#\\\/schema\\\/logo\\\/image\\\/\",\"url\":\"https:\\\/\\\/heliantus.pl\\\/szkola\\\/wp-content\\\/uploads\\\/2017\\\/06\\\/SzkolaHeliantus-logo.png\",\"contentUrl\":\"https:\\\/\\\/heliantus.pl\\\/szkola\\\/wp-content\\\/uploads\\\/2017\\\/06\\\/SzkolaHeliantus-logo.png\",\"width\":736,\"height\":383,\"caption\":\"Szko\u0142a Podstawowa Heliantus\"},\"image\":{\"@id\":\"https:\\\/\\\/heliantus.pl\\\/szkola\\\/#\\\/schema\\\/logo\\\/image\\\/\"},\"sameAs\":[\"https:\\\/\\\/facebook.com\\\/SPHeliantus\",\"https:\\\/\\\/www.youtube.com\\\/channel\\\/UCjcaE5GVlsROqRDHQFVe6AA\"]},{\"@type\":\"Person\",\"@id\":\"https:\\\/\\\/heliantus.pl\\\/szkola\\\/#\\\/schema\\\/person\\\/81a1410eaff929555dc31a770dfd618d\",\"name\":\"Heliantus\",\"image\":{\"@type\":\"ImageObject\",\"inLanguage\":\"pl-PL\",\"@id\":\"https:\\\/\\\/secure.gravatar.com\\\/avatar\\\/825d0a11f80b9cb86f147ea3e02c48f23be33653c910718db45d4e4453580332?s=96&d=mm&r=g\",\"url\":\"https:\\\/\\\/secure.gravatar.com\\\/avatar\\\/825d0a11f80b9cb86f147ea3e02c48f23be33653c910718db45d4e4453580332?s=96&d=mm&r=g\",\"contentUrl\":\"https:\\\/\\\/secure.gravatar.com\\\/avatar\\\/825d0a11f80b9cb86f147ea3e02c48f23be33653c910718db45d4e4453580332?s=96&d=mm&r=g\",\"caption\":\"Heliantus\"},\"url\":\"https:\\\/\\\/heliantus.pl\\\/szkola\\\/author\\\/heliantus\\\/\"}]}<\/script>\n<!-- \/ Yoast SEO plugin. -->","yoast_head_json":{"title":"Szko\u0142a Podstawowa Heliantus | niepubliczna szko\u0142a podstawowa Warszawa-Ursyn\u00f3wDzie\u0144 integracji w Helianusie | Szko\u0142a Podstawowa Heliantus","description":"Niepubliczna szko\u0142a podstawowa Heliantus w Warszawie-Ursyn\u00f3w (przy granicy z J\u00f3zefos\u0142awiem). Program: matematyka, informatyka, j\u0119zyki obce. Rekrutacja 2026\/27.","robots":{"index":"index","follow":"follow","max-snippet":"max-snippet:-1","max-image-preview":"max-image-preview:large","max-video-preview":"max-video-preview:-1"},"canonical":"https:\/\/heliantus.pl\/szkola\/aktualnosci\/archiwum\/dzien-integracji-w-helianusie\/","og_locale":"pl_PL","og_type":"article","og_title":"Szko\u0142a Podstawowa Heliantus | niepubliczna szko\u0142a podstawowa Warszawa-Ursyn\u00f3wDzie\u0144 integracji w Helianusie | Szko\u0142a Podstawowa Heliantus","og_description":"Niepubliczna szko\u0142a podstawowa Heliantus w Warszawie-Ursyn\u00f3w (przy granicy z J\u00f3zefos\u0142awiem). Program: matematyka, informatyka, j\u0119zyki obce. Rekrutacja 2026\/27.","og_url":"https:\/\/heliantus.pl\/szkola\/aktualnosci\/archiwum\/dzien-integracji-w-helianusie\/","og_site_name":"Szko\u0142a Podstawowa Heliantus","article_publisher":"https:\/\/facebook.com\/SPHeliantus","article_published_time":"2017-09-12T20:15:37+00:00","article_modified_time":"2018-08-19T21:51:06+00:00","og_image":[{"width":1024,"height":576,"url":"https:\/\/heliantus.pl\/szkola\/wp-content\/uploads\/2017\/09\/20170908_104940-1024x576.jpg","type":"image\/jpeg"}],"author":"Heliantus","twitter_card":"summary_large_image","twitter_misc":{"Napisane przez":"Heliantus","Szacowany czas czytania":"1 minuta"},"schema":{"@context":"https:\/\/schema.org","@graph":[{"@type":"Article","@id":"https:\/\/heliantus.pl\/szkola\/aktualnosci\/archiwum\/dzien-integracji-w-helianusie\/#article","isPartOf":{"@id":"https:\/\/heliantus.pl\/szkola\/aktualnosci\/archiwum\/dzien-integracji-w-helianusie\/"},"author":{"name":"Heliantus","@id":"https:\/\/heliantus.pl\/szkola\/#\/schema\/person\/81a1410eaff929555dc31a770dfd618d"},"headline":"Dzie\u0144 integracji w Helianusie","datePublished":"2017-09-12T20:15:37+00:00","dateModified":"2018-08-19T21:51:06+00:00","mainEntityOfPage":{"@id":"https:\/\/heliantus.pl\/szkola\/aktualnosci\/archiwum\/dzien-integracji-w-helianusie\/"},"wordCount":108,"publisher":{"@id":"https:\/\/heliantus.pl\/szkola\/#organization"},"image":{"@id":"https:\/\/heliantus.pl\/szkola\/aktualnosci\/archiwum\/dzien-integracji-w-helianusie\/#primaryimage"},"thumbnailUrl":"https:\/\/heliantus.pl\/szkola\/wp-content\/uploads\/2017\/09\/20170908_104940.jpg","articleSection":["Archiwum"],"inLanguage":"pl-PL"},{"@type":"WebPage","@id":"https:\/\/heliantus.pl\/szkola\/aktualnosci\/archiwum\/dzien-integracji-w-helianusie\/","url":"https:\/\/heliantus.pl\/szkola\/aktualnosci\/archiwum\/dzien-integracji-w-helianusie\/","name":"Szko\u0142a Podstawowa Heliantus | niepubliczna szko\u0142a podstawowa Warszawa-Ursyn\u00f3wDzie\u0144 integracji w Helianusie | Szko\u0142a Podstawowa Heliantus","isPartOf":{"@id":"https:\/\/heliantus.pl\/szkola\/#website"},"primaryImageOfPage":{"@id":"https:\/\/heliantus.pl\/szkola\/aktualnosci\/archiwum\/dzien-integracji-w-helianusie\/#primaryimage"},"image":{"@id":"https:\/\/heliantus.pl\/szkola\/aktualnosci\/archiwum\/dzien-integracji-w-helianusie\/#primaryimage"},"thumbnailUrl":"https:\/\/heliantus.pl\/szkola\/wp-content\/uploads\/2017\/09\/20170908_104940.jpg","datePublished":"2017-09-12T20:15:37+00:00","dateModified":"2018-08-19T21:51:06+00:00","description":"Niepubliczna szko\u0142a podstawowa Heliantus w Warszawie-Ursyn\u00f3w (przy granicy z J\u00f3zefos\u0142awiem). Program: matematyka, informatyka, j\u0119zyki obce. Rekrutacja 2026\/27.","breadcrumb":{"@id":"https:\/\/heliantus.pl\/szkola\/aktualnosci\/archiwum\/dzien-integracji-w-helianusie\/#breadcrumb"},"inLanguage":"pl-PL","potentialAction":[{"@type":"ReadAction","target":["https:\/\/heliantus.pl\/szkola\/aktualnosci\/archiwum\/dzien-integracji-w-helianusie\/"]}]},{"@type":"ImageObject","inLanguage":"pl-PL","@id":"https:\/\/heliantus.pl\/szkola\/aktualnosci\/archiwum\/dzien-integracji-w-helianusie\/#primaryimage","url":"https:\/\/heliantus.pl\/szkola\/wp-content\/uploads\/2017\/09\/20170908_104940.jpg","contentUrl":"https:\/\/heliantus.pl\/szkola\/wp-content\/uploads\/2017\/09\/20170908_104940.jpg","width":5312,"height":2988},{"@type":"BreadcrumbList","@id":"https:\/\/heliantus.pl\/szkola\/aktualnosci\/archiwum\/dzien-integracji-w-helianusie\/#breadcrumb","itemListElement":[{"@type":"ListItem","position":1,"name":"Szko\u0142a Podstawowa","item":"https:\/\/heliantus.pl\/szkola\/"},{"@type":"ListItem","position":2,"name":"Dzie\u0144 integracji w Helianusie"}]},{"@type":"WebSite","@id":"https:\/\/heliantus.pl\/szkola\/#website","url":"https:\/\/heliantus.pl\/szkola\/","name":"Szko\u0142a Podstawowa Heliantus | Niepubliczna szko\u0142a Ursyn\u00f3w, J\u00f3zefos\u0142aw | Programowanie, j\u0119zyki, matematyka","description":"MATEMATYKA INFORMATYKA J\u0118ZYKI","publisher":{"@id":"https:\/\/heliantus.pl\/szkola\/#organization"},"alternateName":"SP Heliantus","potentialAction":[{"@type":"SearchAction","target":{"@type":"EntryPoint","urlTemplate":"https:\/\/heliantus.pl\/szkola\/?s={search_term_string}"},"query-input":{"@type":"PropertyValueSpecification","valueRequired":true,"valueName":"search_term_string"}}],"inLanguage":"pl-PL"},{"@type":"Organization","@id":"https:\/\/heliantus.pl\/szkola\/#organization","name":"Szko\u0142a Podstawowa Heliantus","alternateName":"SP Heliantus","url":"https:\/\/heliantus.pl\/szkola\/","logo":{"@type":"ImageObject","inLanguage":"pl-PL","@id":"https:\/\/heliantus.pl\/szkola\/#\/schema\/logo\/image\/","url":"https:\/\/heliantus.pl\/szkola\/wp-content\/uploads\/2017\/06\/SzkolaHeliantus-logo.png","contentUrl":"https:\/\/heliantus.pl\/szkola\/wp-content\/uploads\/2017\/06\/SzkolaHeliantus-logo.png","width":736,"height":383,"caption":"Szko\u0142a Podstawowa Heliantus"},"image":{"@id":"https:\/\/heliantus.pl\/szkola\/#\/schema\/logo\/image\/"},"sameAs":["https:\/\/facebook.com\/SPHeliantus","https:\/\/www.youtube.com\/channel\/UCjcaE5GVlsROqRDHQFVe6AA"]},{"@type":"Person","@id":"https:\/\/heliantus.pl\/szkola\/#\/schema\/person\/81a1410eaff929555dc31a770dfd618d","name":"Heliantus","image":{"@type":"ImageObject","inLanguage":"pl-PL","@id":"https:\/\/secure.gravatar.com\/avatar\/825d0a11f80b9cb86f147ea3e02c48f23be33653c910718db45d4e4453580332?s=96&d=mm&r=g","url":"https:\/\/secure.gravatar.com\/avatar\/825d0a11f80b9cb86f147ea3e02c48f23be33653c910718db45d4e4453580332?s=96&d=mm&r=g","contentUrl":"https:\/\/secure.gravatar.com\/avatar\/825d0a11f80b9cb86f147ea3e02c48f23be33653c910718db45d4e4453580332?s=96&d=mm&r=g","caption":"Heliantus"},"url":"https:\/\/heliantus.pl\/szkola\/author\/heliantus\/"}]}},"amp_enabled":true,"_links":{"self":[{"href":"https:\/\/heliantus.pl\/szkola\/wp-json\/wp\/v2\/posts\/942","targetHints":{"allow":["GET"]}}],"collection":[{"href":"https:\/\/heliantus.pl\/szkola\/wp-json\/wp\/v2\/posts"}],"about":[{"href":"https:\/\/heliantus.pl\/szkola\/wp-json\/wp\/v2\/types\/post"}],"author":[{"embeddable":true,"href":"https:\/\/heliantus.pl\/szkola\/wp-json\/wp\/v2\/users\/1"}],"replies":[{"embeddable":true,"href":"https:\/\/heliantus.pl\/szkola\/wp-json\/wp\/v2\/comments?post=942"}],"version-history":[{"count":0,"href":"https:\/\/heliantus.pl\/szkola\/wp-json\/wp\/v2\/posts\/942\/revisions"}],"wp:featuredmedia":[{"embeddable":true,"href":"https:\/\/heliantus.pl\/szkola\/wp-json\/wp\/v2\/media\/948"}],"wp:attachment":[{"href":"https:\/\/heliantus.pl\/szkola\/wp-json\/wp\/v2\/media?parent=942"}],"wp:term":[{"taxonomy":"category","embeddable":true,"href":"https:\/\/heliantus.pl\/szkola\/wp-json\/wp\/v2\/categories?post=942"},{"taxonomy":"post_tag","embeddable":true,"href":"https:\/\/heliantus.pl\/szkola\/wp-json\/wp\/v2\/tags?post=942"}],"curies":[{"name":"wp","href":"https:\/\/api.w.org\/{rel}","templated":true}]}}