{"id":6918,"date":"2025-03-24T10:31:54","date_gmt":"2025-03-24T09:31:54","guid":{"rendered":"https:\/\/heliantus.pl\/szkola\/?p=6918"},"modified":"2025-03-24T10:31:55","modified_gmt":"2025-03-24T09:31:55","slug":"i-miejsce-na-festiwalu-piosenki-powstanczej","status":"publish","type":"post","link":"https:\/\/heliantus.pl\/szkola\/aktualnosci\/wydarzenia\/i-miejsce-na-festiwalu-piosenki-powstanczej\/","title":{"rendered":"I miejsce na Festiwalu Piosenki Powsta\u0144czej"},"content":{"rendered":"\n<p>\u015awietna wiadomo\u015b\u0107 o poranku. Nasz zesp\u00f3\u0142 zaj\u0105\u0142 pierwsze miejsce <img decoding=\"async\" height=\"16\" width=\"16\" alt=\"&#x1f3c6;\" src=\"https:\/\/static.xx.fbcdn.net\/images\/emoji.php\/v9\/tbe\/1\/16\/1f3c6.png\">w kategorii zesp\u00f3\u0142 IV-VIII podczas IX URSYNOWSKIEGO FESTIWALU<\/p>\n\n\n\n<p>PIE\u015aNI POWSTANIA WARSZAWSKIEGO, <a><\/a>organizowanego przez <a href=\"https:\/\/www.facebook.com\/profile.php?id=100051977000169&amp;__cft__[0]=AZUZitlDEBE188ULJQWRbjlR9cQq7HbWU8krn8jQJKN_w92hkGUUn2-07xiPchZWiGiF0CHLzFpV9-Wchs7UU74HPvciLcm4if5ctTr80sIy78CYhu0MPzPmXaQvTyqqRnvKaL8Oap2U4XJ-4m_9M0ZPraWiSJNW3ZLE3twXB2yEgSafQD47gHytnVyZC4NMnoF4yy2htDS7fjs8I19N-hd7&amp;__tn__=-]K-R\">Szko\u0142a Podstawowa nr 336<\/a> w Warszawie. Gratuluj\u0119 i zamieszczam zapis wyst\u0119pu naszych Uczni\u00f3w. Nasz zesp\u00f3\u0142 za\u015bpiewa\u0142 utw\u00f3r zespo\u0142u <a href=\"https:\/\/www.facebook.com\/MaleTGD?__cft__[0]=AZUZitlDEBE188ULJQWRbjlR9cQq7HbWU8krn8jQJKN_w92hkGUUn2-07xiPchZWiGiF0CHLzFpV9-Wchs7UU74HPvciLcm4if5ctTr80sIy78CYhu0MPzPmXaQvTyqqRnvKaL8Oap2U4XJ-4m_9M0ZPraWiSJNW3ZLE3twXB2yEgSafQD47gHytnVyZC4NMnoF4yy2htDS7fjs8I19N-hd7&amp;__tn__=-]K-R\">Ma\u0142e TGD<\/a> Godzina W, napisany na 80 rocznic\u0119 wybuchu Powstania Warszawskiego.<\/p>\n\n\n\n<figure class=\"wp-block-video\"><video height=\"1080\" style=\"aspect-ratio: 1920 \/ 1080;\" width=\"1920\" controls src=\"https:\/\/heliantus.pl\/szkola\/wp-content\/uploads\/2025\/03\/20250321_115019.mp4\"><\/video><\/figure>\n","protected":false},"excerpt":{"rendered":"<p>\u015awietna wiadomo\u015b\u0107 o poranku. Nasz zesp\u00f3\u0142 zaj\u0105\u0142 pierwsze miejsce w kategorii zesp\u00f3\u0142 IV-VIII podczas IX URSYNOWSKIEGO FESTIWALU PIE\u015aNI POWSTANIA WARSZAWSKIEGO, organizowanego przez Szko\u0142a Podstawowa nr 336 w Warszawie. Gratuluj\u0119 i zamieszczam zapis wyst\u0119pu naszych Uczni\u00f3w. Nasz zesp\u00f3\u0142 za\u015bpiewa\u0142 utw\u00f3r zespo\u0142u <a href=\"https:\/\/heliantus.pl\/szkola\/aktualnosci\/wydarzenia\/i-miejsce-na-festiwalu-piosenki-powstanczej\/\" class=\"read-more\">Czytaj dalej &#8230;<\/a><\/p>\n","protected":false},"author":3,"featured_media":6919,"comment_status":"closed","ping_status":"closed","sticky":false,"template":"","format":"standard","meta":{"_eb_attr":"","footnotes":""},"categories":[7,31,6,33],"tags":[],"class_list":["post-6918","post","type-post","status-publish","format-standard","has-post-thumbnail","hentry","category-ogloszenia","category-osiagniecia","category-wydarzenia","category-zzyciaszkoly"],"yoast_head":"<!-- This site is optimized with the Yoast SEO plugin v27.5 - https:\/\/yoast.com\/product\/yoast-seo-wordpress\/ -->\n<title>Szko\u0142a Podstawowa Heliantus | niepubliczna szko\u0142a podstawowa Warszawa-Ursyn\u00f3wI miejsce na Festiwalu Piosenki Powsta\u0144czej | Szko\u0142a Podstawowa Heliantus<\/title>\n<meta name=\"description\" content=\"Niepubliczna szko\u0142a podstawowa Heliantus w Warszawie-Ursyn\u00f3w (przy granicy z J\u00f3zefos\u0142awiem). Program: matematyka, informatyka, j\u0119zyki obce. Rekrutacja 2026\/27.\" \/>\n<meta name=\"robots\" content=\"index, follow, max-snippet:-1, max-image-preview:large, max-video-preview:-1\" \/>\n<link rel=\"canonical\" href=\"https:\/\/heliantus.pl\/szkola\/aktualnosci\/wydarzenia\/i-miejsce-na-festiwalu-piosenki-powstanczej\/\" \/>\n<meta property=\"og:locale\" content=\"pl_PL\" \/>\n<meta property=\"og:type\" content=\"article\" \/>\n<meta property=\"og:title\" content=\"Szko\u0142a Podstawowa Heliantus | niepubliczna szko\u0142a podstawowa Warszawa-Ursyn\u00f3wI miejsce na Festiwalu Piosenki Powsta\u0144czej | Szko\u0142a Podstawowa Heliantus\" \/>\n<meta property=\"og:description\" content=\"Niepubliczna szko\u0142a podstawowa Heliantus w Warszawie-Ursyn\u00f3w (przy granicy z J\u00f3zefos\u0142awiem). Program: matematyka, informatyka, j\u0119zyki obce. Rekrutacja 2026\/27.\" \/>\n<meta property=\"og:url\" content=\"https:\/\/heliantus.pl\/szkola\/aktualnosci\/wydarzenia\/i-miejsce-na-festiwalu-piosenki-powstanczej\/\" \/>\n<meta property=\"og:site_name\" content=\"Szko\u0142a Podstawowa Heliantus\" \/>\n<meta property=\"article:publisher\" content=\"https:\/\/facebook.com\/SPHeliantus\" \/>\n<meta property=\"article:published_time\" content=\"2025-03-24T09:31:54+00:00\" \/>\n<meta property=\"article:modified_time\" content=\"2025-03-24T09:31:55+00:00\" \/>\n<meta property=\"og:image\" content=\"https:\/\/heliantus.pl\/szkola\/wp-content\/uploads\/2025\/03\/6d5f3241-813a-4798-9d19-77728ea1d6d7.jpeg\" \/>\n\t<meta property=\"og:image:width\" content=\"2048\" \/>\n\t<meta property=\"og:image:height\" content=\"1536\" \/>\n\t<meta property=\"og:image:type\" content=\"image\/jpeg\" \/>\n<meta name=\"author\" content=\"Micha\u0142 K\u0119ska\" \/>\n<meta name=\"twitter:card\" content=\"summary_large_image\" \/>\n<meta name=\"twitter:label1\" content=\"Napisane przez\" \/>\n\t<meta name=\"twitter:data1\" content=\"Micha\u0142 K\u0119ska\" \/>\n\t<meta name=\"twitter:label2\" content=\"Szacowany czas czytania\" \/>\n\t<meta name=\"twitter:data2\" content=\"1 minuta\" \/>\n<script type=\"application\/ld+json\" class=\"yoast-schema-graph\">{\"@context\":\"https:\\\/\\\/schema.org\",\"@graph\":[{\"@type\":\"Article\",\"@id\":\"https:\\\/\\\/heliantus.pl\\\/szkola\\\/aktualnosci\\\/wydarzenia\\\/i-miejsce-na-festiwalu-piosenki-powstanczej\\\/#article\",\"isPartOf\":{\"@id\":\"https:\\\/\\\/heliantus.pl\\\/szkola\\\/aktualnosci\\\/wydarzenia\\\/i-miejsce-na-festiwalu-piosenki-powstanczej\\\/\"},\"author\":{\"name\":\"Micha\u0142 K\u0119ska\",\"@id\":\"https:\\\/\\\/heliantus.pl\\\/szkola\\\/#\\\/schema\\\/person\\\/a624713d1fe35413043b0557f7c923f7\"},\"headline\":\"I miejsce na Festiwalu Piosenki Powsta\u0144czej\",\"datePublished\":\"2025-03-24T09:31:54+00:00\",\"dateModified\":\"2025-03-24T09:31:55+00:00\",\"mainEntityOfPage\":{\"@id\":\"https:\\\/\\\/heliantus.pl\\\/szkola\\\/aktualnosci\\\/wydarzenia\\\/i-miejsce-na-festiwalu-piosenki-powstanczej\\\/\"},\"wordCount\":64,\"publisher\":{\"@id\":\"https:\\\/\\\/heliantus.pl\\\/szkola\\\/#organization\"},\"image\":{\"@id\":\"https:\\\/\\\/heliantus.pl\\\/szkola\\\/aktualnosci\\\/wydarzenia\\\/i-miejsce-na-festiwalu-piosenki-powstanczej\\\/#primaryimage\"},\"thumbnailUrl\":\"https:\\\/\\\/heliantus.pl\\\/szkola\\\/wp-content\\\/uploads\\\/2025\\\/03\\\/6d5f3241-813a-4798-9d19-77728ea1d6d7.jpeg\",\"articleSection\":[\"Og\u0142oszenia\",\"Osi\u0105gni\u0119cia\",\"Wydarzenia\",\"z \u017cycia szko\u0142y\"],\"inLanguage\":\"pl-PL\"},{\"@type\":\"WebPage\",\"@id\":\"https:\\\/\\\/heliantus.pl\\\/szkola\\\/aktualnosci\\\/wydarzenia\\\/i-miejsce-na-festiwalu-piosenki-powstanczej\\\/\",\"url\":\"https:\\\/\\\/heliantus.pl\\\/szkola\\\/aktualnosci\\\/wydarzenia\\\/i-miejsce-na-festiwalu-piosenki-powstanczej\\\/\",\"name\":\"Szko\u0142a Podstawowa Heliantus | niepubliczna szko\u0142a podstawowa Warszawa-Ursyn\u00f3wI miejsce na Festiwalu Piosenki Powsta\u0144czej | Szko\u0142a Podstawowa Heliantus\",\"isPartOf\":{\"@id\":\"https:\\\/\\\/heliantus.pl\\\/szkola\\\/#website\"},\"primaryImageOfPage\":{\"@id\":\"https:\\\/\\\/heliantus.pl\\\/szkola\\\/aktualnosci\\\/wydarzenia\\\/i-miejsce-na-festiwalu-piosenki-powstanczej\\\/#primaryimage\"},\"image\":{\"@id\":\"https:\\\/\\\/heliantus.pl\\\/szkola\\\/aktualnosci\\\/wydarzenia\\\/i-miejsce-na-festiwalu-piosenki-powstanczej\\\/#primaryimage\"},\"thumbnailUrl\":\"https:\\\/\\\/heliantus.pl\\\/szkola\\\/wp-content\\\/uploads\\\/2025\\\/03\\\/6d5f3241-813a-4798-9d19-77728ea1d6d7.jpeg\",\"datePublished\":\"2025-03-24T09:31:54+00:00\",\"dateModified\":\"2025-03-24T09:31:55+00:00\",\"description\":\"Niepubliczna szko\u0142a podstawowa Heliantus w Warszawie-Ursyn\u00f3w (przy granicy z J\u00f3zefos\u0142awiem). Program: matematyka, informatyka, j\u0119zyki obce. Rekrutacja 2026\\\/27.\",\"breadcrumb\":{\"@id\":\"https:\\\/\\\/heliantus.pl\\\/szkola\\\/aktualnosci\\\/wydarzenia\\\/i-miejsce-na-festiwalu-piosenki-powstanczej\\\/#breadcrumb\"},\"inLanguage\":\"pl-PL\",\"potentialAction\":[{\"@type\":\"ReadAction\",\"target\":[\"https:\\\/\\\/heliantus.pl\\\/szkola\\\/aktualnosci\\\/wydarzenia\\\/i-miejsce-na-festiwalu-piosenki-powstanczej\\\/\"]}]},{\"@type\":\"ImageObject\",\"inLanguage\":\"pl-PL\",\"@id\":\"https:\\\/\\\/heliantus.pl\\\/szkola\\\/aktualnosci\\\/wydarzenia\\\/i-miejsce-na-festiwalu-piosenki-powstanczej\\\/#primaryimage\",\"url\":\"https:\\\/\\\/heliantus.pl\\\/szkola\\\/wp-content\\\/uploads\\\/2025\\\/03\\\/6d5f3241-813a-4798-9d19-77728ea1d6d7.jpeg\",\"contentUrl\":\"https:\\\/\\\/heliantus.pl\\\/szkola\\\/wp-content\\\/uploads\\\/2025\\\/03\\\/6d5f3241-813a-4798-9d19-77728ea1d6d7.jpeg\",\"width\":2048,\"height\":1536},{\"@type\":\"BreadcrumbList\",\"@id\":\"https:\\\/\\\/heliantus.pl\\\/szkola\\\/aktualnosci\\\/wydarzenia\\\/i-miejsce-na-festiwalu-piosenki-powstanczej\\\/#breadcrumb\",\"itemListElement\":[{\"@type\":\"ListItem\",\"position\":1,\"name\":\"Szko\u0142a Podstawowa\",\"item\":\"https:\\\/\\\/heliantus.pl\\\/szkola\\\/\"},{\"@type\":\"ListItem\",\"position\":2,\"name\":\"I miejsce na Festiwalu Piosenki Powsta\u0144czej\"}]},{\"@type\":\"WebSite\",\"@id\":\"https:\\\/\\\/heliantus.pl\\\/szkola\\\/#website\",\"url\":\"https:\\\/\\\/heliantus.pl\\\/szkola\\\/\",\"name\":\"Szko\u0142a Podstawowa Heliantus | Niepubliczna szko\u0142a Ursyn\u00f3w, J\u00f3zefos\u0142aw | Programowanie, j\u0119zyki, matematyka\",\"description\":\"MATEMATYKA INFORMATYKA J\u0118ZYKI\",\"publisher\":{\"@id\":\"https:\\\/\\\/heliantus.pl\\\/szkola\\\/#organization\"},\"alternateName\":\"SP Heliantus\",\"potentialAction\":[{\"@type\":\"SearchAction\",\"target\":{\"@type\":\"EntryPoint\",\"urlTemplate\":\"https:\\\/\\\/heliantus.pl\\\/szkola\\\/?s={search_term_string}\"},\"query-input\":{\"@type\":\"PropertyValueSpecification\",\"valueRequired\":true,\"valueName\":\"search_term_string\"}}],\"inLanguage\":\"pl-PL\"},{\"@type\":\"Organization\",\"@id\":\"https:\\\/\\\/heliantus.pl\\\/szkola\\\/#organization\",\"name\":\"Szko\u0142a Podstawowa Heliantus\",\"alternateName\":\"SP Heliantus\",\"url\":\"https:\\\/\\\/heliantus.pl\\\/szkola\\\/\",\"logo\":{\"@type\":\"ImageObject\",\"inLanguage\":\"pl-PL\",\"@id\":\"https:\\\/\\\/heliantus.pl\\\/szkola\\\/#\\\/schema\\\/logo\\\/image\\\/\",\"url\":\"https:\\\/\\\/heliantus.pl\\\/szkola\\\/wp-content\\\/uploads\\\/2017\\\/06\\\/SzkolaHeliantus-logo.png\",\"contentUrl\":\"https:\\\/\\\/heliantus.pl\\\/szkola\\\/wp-content\\\/uploads\\\/2017\\\/06\\\/SzkolaHeliantus-logo.png\",\"width\":736,\"height\":383,\"caption\":\"Szko\u0142a Podstawowa Heliantus\"},\"image\":{\"@id\":\"https:\\\/\\\/heliantus.pl\\\/szkola\\\/#\\\/schema\\\/logo\\\/image\\\/\"},\"sameAs\":[\"https:\\\/\\\/facebook.com\\\/SPHeliantus\",\"https:\\\/\\\/www.youtube.com\\\/channel\\\/UCjcaE5GVlsROqRDHQFVe6AA\"]},{\"@type\":\"Person\",\"@id\":\"https:\\\/\\\/heliantus.pl\\\/szkola\\\/#\\\/schema\\\/person\\\/a624713d1fe35413043b0557f7c923f7\",\"name\":\"Micha\u0142 K\u0119ska\",\"image\":{\"@type\":\"ImageObject\",\"inLanguage\":\"pl-PL\",\"@id\":\"https:\\\/\\\/secure.gravatar.com\\\/avatar\\\/ce6c43ad5dcc19d740ce48ca15b142320135e171dc0aaf39798cc0da24a5c044?s=96&d=mm&r=g\",\"url\":\"https:\\\/\\\/secure.gravatar.com\\\/avatar\\\/ce6c43ad5dcc19d740ce48ca15b142320135e171dc0aaf39798cc0da24a5c044?s=96&d=mm&r=g\",\"contentUrl\":\"https:\\\/\\\/secure.gravatar.com\\\/avatar\\\/ce6c43ad5dcc19d740ce48ca15b142320135e171dc0aaf39798cc0da24a5c044?s=96&d=mm&r=g\",\"caption\":\"Micha\u0142 K\u0119ska\"},\"url\":\"https:\\\/\\\/heliantus.pl\\\/szkola\\\/author\\\/michal-keska\\\/\"}]}<\/script>\n<!-- \/ Yoast SEO plugin. -->","yoast_head_json":{"title":"Szko\u0142a Podstawowa Heliantus | niepubliczna szko\u0142a podstawowa Warszawa-Ursyn\u00f3wI miejsce na Festiwalu Piosenki Powsta\u0144czej | Szko\u0142a Podstawowa Heliantus","description":"Niepubliczna szko\u0142a podstawowa Heliantus w Warszawie-Ursyn\u00f3w (przy granicy z J\u00f3zefos\u0142awiem). Program: matematyka, informatyka, j\u0119zyki obce. Rekrutacja 2026\/27.","robots":{"index":"index","follow":"follow","max-snippet":"max-snippet:-1","max-image-preview":"max-image-preview:large","max-video-preview":"max-video-preview:-1"},"canonical":"https:\/\/heliantus.pl\/szkola\/aktualnosci\/wydarzenia\/i-miejsce-na-festiwalu-piosenki-powstanczej\/","og_locale":"pl_PL","og_type":"article","og_title":"Szko\u0142a Podstawowa Heliantus | niepubliczna szko\u0142a podstawowa Warszawa-Ursyn\u00f3wI miejsce na Festiwalu Piosenki Powsta\u0144czej | Szko\u0142a Podstawowa Heliantus","og_description":"Niepubliczna szko\u0142a podstawowa Heliantus w Warszawie-Ursyn\u00f3w (przy granicy z J\u00f3zefos\u0142awiem). Program: matematyka, informatyka, j\u0119zyki obce. Rekrutacja 2026\/27.","og_url":"https:\/\/heliantus.pl\/szkola\/aktualnosci\/wydarzenia\/i-miejsce-na-festiwalu-piosenki-powstanczej\/","og_site_name":"Szko\u0142a Podstawowa Heliantus","article_publisher":"https:\/\/facebook.com\/SPHeliantus","article_published_time":"2025-03-24T09:31:54+00:00","article_modified_time":"2025-03-24T09:31:55+00:00","og_image":[{"width":2048,"height":1536,"url":"https:\/\/heliantus.pl\/szkola\/wp-content\/uploads\/2025\/03\/6d5f3241-813a-4798-9d19-77728ea1d6d7.jpeg","type":"image\/jpeg"}],"author":"Micha\u0142 K\u0119ska","twitter_card":"summary_large_image","twitter_misc":{"Napisane przez":"Micha\u0142 K\u0119ska","Szacowany czas czytania":"1 minuta"},"schema":{"@context":"https:\/\/schema.org","@graph":[{"@type":"Article","@id":"https:\/\/heliantus.pl\/szkola\/aktualnosci\/wydarzenia\/i-miejsce-na-festiwalu-piosenki-powstanczej\/#article","isPartOf":{"@id":"https:\/\/heliantus.pl\/szkola\/aktualnosci\/wydarzenia\/i-miejsce-na-festiwalu-piosenki-powstanczej\/"},"author":{"name":"Micha\u0142 K\u0119ska","@id":"https:\/\/heliantus.pl\/szkola\/#\/schema\/person\/a624713d1fe35413043b0557f7c923f7"},"headline":"I miejsce na Festiwalu Piosenki Powsta\u0144czej","datePublished":"2025-03-24T09:31:54+00:00","dateModified":"2025-03-24T09:31:55+00:00","mainEntityOfPage":{"@id":"https:\/\/heliantus.pl\/szkola\/aktualnosci\/wydarzenia\/i-miejsce-na-festiwalu-piosenki-powstanczej\/"},"wordCount":64,"publisher":{"@id":"https:\/\/heliantus.pl\/szkola\/#organization"},"image":{"@id":"https:\/\/heliantus.pl\/szkola\/aktualnosci\/wydarzenia\/i-miejsce-na-festiwalu-piosenki-powstanczej\/#primaryimage"},"thumbnailUrl":"https:\/\/heliantus.pl\/szkola\/wp-content\/uploads\/2025\/03\/6d5f3241-813a-4798-9d19-77728ea1d6d7.jpeg","articleSection":["Og\u0142oszenia","Osi\u0105gni\u0119cia","Wydarzenia","z \u017cycia szko\u0142y"],"inLanguage":"pl-PL"},{"@type":"WebPage","@id":"https:\/\/heliantus.pl\/szkola\/aktualnosci\/wydarzenia\/i-miejsce-na-festiwalu-piosenki-powstanczej\/","url":"https:\/\/heliantus.pl\/szkola\/aktualnosci\/wydarzenia\/i-miejsce-na-festiwalu-piosenki-powstanczej\/","name":"Szko\u0142a Podstawowa Heliantus | niepubliczna szko\u0142a podstawowa Warszawa-Ursyn\u00f3wI miejsce na Festiwalu Piosenki Powsta\u0144czej | Szko\u0142a Podstawowa Heliantus","isPartOf":{"@id":"https:\/\/heliantus.pl\/szkola\/#website"},"primaryImageOfPage":{"@id":"https:\/\/heliantus.pl\/szkola\/aktualnosci\/wydarzenia\/i-miejsce-na-festiwalu-piosenki-powstanczej\/#primaryimage"},"image":{"@id":"https:\/\/heliantus.pl\/szkola\/aktualnosci\/wydarzenia\/i-miejsce-na-festiwalu-piosenki-powstanczej\/#primaryimage"},"thumbnailUrl":"https:\/\/heliantus.pl\/szkola\/wp-content\/uploads\/2025\/03\/6d5f3241-813a-4798-9d19-77728ea1d6d7.jpeg","datePublished":"2025-03-24T09:31:54+00:00","dateModified":"2025-03-24T09:31:55+00:00","description":"Niepubliczna szko\u0142a podstawowa Heliantus w Warszawie-Ursyn\u00f3w (przy granicy z J\u00f3zefos\u0142awiem). Program: matematyka, informatyka, j\u0119zyki obce. Rekrutacja 2026\/27.","breadcrumb":{"@id":"https:\/\/heliantus.pl\/szkola\/aktualnosci\/wydarzenia\/i-miejsce-na-festiwalu-piosenki-powstanczej\/#breadcrumb"},"inLanguage":"pl-PL","potentialAction":[{"@type":"ReadAction","target":["https:\/\/heliantus.pl\/szkola\/aktualnosci\/wydarzenia\/i-miejsce-na-festiwalu-piosenki-powstanczej\/"]}]},{"@type":"ImageObject","inLanguage":"pl-PL","@id":"https:\/\/heliantus.pl\/szkola\/aktualnosci\/wydarzenia\/i-miejsce-na-festiwalu-piosenki-powstanczej\/#primaryimage","url":"https:\/\/heliantus.pl\/szkola\/wp-content\/uploads\/2025\/03\/6d5f3241-813a-4798-9d19-77728ea1d6d7.jpeg","contentUrl":"https:\/\/heliantus.pl\/szkola\/wp-content\/uploads\/2025\/03\/6d5f3241-813a-4798-9d19-77728ea1d6d7.jpeg","width":2048,"height":1536},{"@type":"BreadcrumbList","@id":"https:\/\/heliantus.pl\/szkola\/aktualnosci\/wydarzenia\/i-miejsce-na-festiwalu-piosenki-powstanczej\/#breadcrumb","itemListElement":[{"@type":"ListItem","position":1,"name":"Szko\u0142a Podstawowa","item":"https:\/\/heliantus.pl\/szkola\/"},{"@type":"ListItem","position":2,"name":"I miejsce na Festiwalu Piosenki Powsta\u0144czej"}]},{"@type":"WebSite","@id":"https:\/\/heliantus.pl\/szkola\/#website","url":"https:\/\/heliantus.pl\/szkola\/","name":"Szko\u0142a Podstawowa Heliantus | Niepubliczna szko\u0142a Ursyn\u00f3w, J\u00f3zefos\u0142aw | Programowanie, j\u0119zyki, matematyka","description":"MATEMATYKA INFORMATYKA J\u0118ZYKI","publisher":{"@id":"https:\/\/heliantus.pl\/szkola\/#organization"},"alternateName":"SP Heliantus","potentialAction":[{"@type":"SearchAction","target":{"@type":"EntryPoint","urlTemplate":"https:\/\/heliantus.pl\/szkola\/?s={search_term_string}"},"query-input":{"@type":"PropertyValueSpecification","valueRequired":true,"valueName":"search_term_string"}}],"inLanguage":"pl-PL"},{"@type":"Organization","@id":"https:\/\/heliantus.pl\/szkola\/#organization","name":"Szko\u0142a Podstawowa Heliantus","alternateName":"SP Heliantus","url":"https:\/\/heliantus.pl\/szkola\/","logo":{"@type":"ImageObject","inLanguage":"pl-PL","@id":"https:\/\/heliantus.pl\/szkola\/#\/schema\/logo\/image\/","url":"https:\/\/heliantus.pl\/szkola\/wp-content\/uploads\/2017\/06\/SzkolaHeliantus-logo.png","contentUrl":"https:\/\/heliantus.pl\/szkola\/wp-content\/uploads\/2017\/06\/SzkolaHeliantus-logo.png","width":736,"height":383,"caption":"Szko\u0142a Podstawowa Heliantus"},"image":{"@id":"https:\/\/heliantus.pl\/szkola\/#\/schema\/logo\/image\/"},"sameAs":["https:\/\/facebook.com\/SPHeliantus","https:\/\/www.youtube.com\/channel\/UCjcaE5GVlsROqRDHQFVe6AA"]},{"@type":"Person","@id":"https:\/\/heliantus.pl\/szkola\/#\/schema\/person\/a624713d1fe35413043b0557f7c923f7","name":"Micha\u0142 K\u0119ska","image":{"@type":"ImageObject","inLanguage":"pl-PL","@id":"https:\/\/secure.gravatar.com\/avatar\/ce6c43ad5dcc19d740ce48ca15b142320135e171dc0aaf39798cc0da24a5c044?s=96&d=mm&r=g","url":"https:\/\/secure.gravatar.com\/avatar\/ce6c43ad5dcc19d740ce48ca15b142320135e171dc0aaf39798cc0da24a5c044?s=96&d=mm&r=g","contentUrl":"https:\/\/secure.gravatar.com\/avatar\/ce6c43ad5dcc19d740ce48ca15b142320135e171dc0aaf39798cc0da24a5c044?s=96&d=mm&r=g","caption":"Micha\u0142 K\u0119ska"},"url":"https:\/\/heliantus.pl\/szkola\/author\/michal-keska\/"}]}},"amp_enabled":true,"_links":{"self":[{"href":"https:\/\/heliantus.pl\/szkola\/wp-json\/wp\/v2\/posts\/6918","targetHints":{"allow":["GET"]}}],"collection":[{"href":"https:\/\/heliantus.pl\/szkola\/wp-json\/wp\/v2\/posts"}],"about":[{"href":"https:\/\/heliantus.pl\/szkola\/wp-json\/wp\/v2\/types\/post"}],"author":[{"embeddable":true,"href":"https:\/\/heliantus.pl\/szkola\/wp-json\/wp\/v2\/users\/3"}],"replies":[{"embeddable":true,"href":"https:\/\/heliantus.pl\/szkola\/wp-json\/wp\/v2\/comments?post=6918"}],"version-history":[{"count":1,"href":"https:\/\/heliantus.pl\/szkola\/wp-json\/wp\/v2\/posts\/6918\/revisions"}],"predecessor-version":[{"id":6921,"href":"https:\/\/heliantus.pl\/szkola\/wp-json\/wp\/v2\/posts\/6918\/revisions\/6921"}],"wp:featuredmedia":[{"embeddable":true,"href":"https:\/\/heliantus.pl\/szkola\/wp-json\/wp\/v2\/media\/6919"}],"wp:attachment":[{"href":"https:\/\/heliantus.pl\/szkola\/wp-json\/wp\/v2\/media?parent=6918"}],"wp:term":[{"taxonomy":"category","embeddable":true,"href":"https:\/\/heliantus.pl\/szkola\/wp-json\/wp\/v2\/categories?post=6918"},{"taxonomy":"post_tag","embeddable":true,"href":"https:\/\/heliantus.pl\/szkola\/wp-json\/wp\/v2\/tags?post=6918"}],"curies":[{"name":"wp","href":"https:\/\/api.w.org\/{rel}","templated":true}]}}