{"id":6554,"date":"2023-12-19T08:39:13","date_gmt":"2023-12-19T07:39:13","guid":{"rendered":"https:\/\/heliantus.pl\/szkola\/?p=6554"},"modified":"2023-12-19T08:44:30","modified_gmt":"2023-12-19T07:44:30","slug":"jaselka-2023","status":"publish","type":"post","link":"https:\/\/heliantus.pl\/szkola\/aktualnosci\/jaselka-2023\/","title":{"rendered":"Jase\u0142ka 2023"},"content":{"rendered":"\n<p>15 grudnia w szkole odby\u0142y si\u0119 Jase\u0142ka. To wa\u017cny i pi\u0119kny czas w szkole, kt\u00f3ry anga\u017cuje ca\u0142\u0105 spo\u0142eczno\u015b\u0107 szkoln\u0105. <\/p>\n\n\n\n<p>Zapraszamy do obejrzenia zapisu jase\u0142ek<\/p>\n\n\n\n<figure class=\"wp-block-embed is-type-video is-provider-youtube wp-block-embed-youtube wp-embed-aspect-16-9 wp-has-aspect-ratio\"><div class=\"wp-block-embed__wrapper\">\n<iframe title=\"Heliantusowe Jase\u0142ka, 15.12.2023\" width=\"847\" height=\"476\" src=\"https:\/\/www.youtube.com\/embed\/j8X1aTxnnUc?feature=oembed\" frameborder=\"0\" allow=\"accelerometer; autoplay; clipboard-write; encrypted-media; gyroscope; picture-in-picture; web-share\" allowfullscreen><\/iframe>\n<\/div><\/figure>\n","protected":false},"excerpt":{"rendered":"<p>15 grudnia w szkole odby\u0142y si\u0119 Jase\u0142ka. To wa\u017cny i pi\u0119kny czas w szkole, kt\u00f3ry anga\u017cuje ca\u0142\u0105 spo\u0142eczno\u015b\u0107 szkoln\u0105. Zapraszamy do obejrzenia zapisu jase\u0142ek<\/p>\n","protected":false},"author":3,"featured_media":6557,"comment_status":"closed","ping_status":"closed","sticky":false,"template":"","format":"standard","meta":{"_eb_attr":"","footnotes":""},"categories":[3,6,33],"tags":[],"class_list":["post-6554","post","type-post","status-publish","format-standard","has-post-thumbnail","hentry","category-aktualnosci","category-wydarzenia","category-zzyciaszkoly"],"yoast_head":"<!-- This site is optimized with the Yoast SEO plugin v27.5 - https:\/\/yoast.com\/product\/yoast-seo-wordpress\/ -->\n<title>Szko\u0142a Podstawowa Heliantus | niepubliczna szko\u0142a podstawowa Warszawa-Ursyn\u00f3wJase\u0142ka 2023 | Szko\u0142a Podstawowa Heliantus<\/title>\n<meta name=\"description\" content=\"Niepubliczna szko\u0142a podstawowa Heliantus w Warszawie-Ursyn\u00f3w (przy granicy z J\u00f3zefos\u0142awiem). Program: matematyka, informatyka, j\u0119zyki obce. Rekrutacja 2026\/27.\" \/>\n<meta name=\"robots\" content=\"index, follow, max-snippet:-1, max-image-preview:large, max-video-preview:-1\" \/>\n<link rel=\"canonical\" href=\"https:\/\/heliantus.pl\/szkola\/aktualnosci\/jaselka-2023\/\" \/>\n<meta property=\"og:locale\" content=\"pl_PL\" \/>\n<meta property=\"og:type\" content=\"article\" \/>\n<meta property=\"og:title\" content=\"Szko\u0142a Podstawowa Heliantus | niepubliczna szko\u0142a podstawowa Warszawa-Ursyn\u00f3wJase\u0142ka 2023 | Szko\u0142a Podstawowa Heliantus\" \/>\n<meta property=\"og:description\" content=\"Niepubliczna szko\u0142a podstawowa Heliantus w Warszawie-Ursyn\u00f3w (przy granicy z J\u00f3zefos\u0142awiem). Program: matematyka, informatyka, j\u0119zyki obce. Rekrutacja 2026\/27.\" \/>\n<meta property=\"og:url\" content=\"https:\/\/heliantus.pl\/szkola\/aktualnosci\/jaselka-2023\/\" \/>\n<meta property=\"og:site_name\" content=\"Szko\u0142a Podstawowa Heliantus\" \/>\n<meta property=\"article:publisher\" content=\"https:\/\/facebook.com\/SPHeliantus\" \/>\n<meta property=\"article:published_time\" content=\"2023-12-19T07:39:13+00:00\" \/>\n<meta property=\"article:modified_time\" content=\"2023-12-19T07:44:30+00:00\" \/>\n<meta property=\"og:image\" content=\"https:\/\/heliantus.pl\/szkola\/wp-content\/uploads\/2023\/12\/AZ_8963.jpg\" \/>\n\t<meta property=\"og:image:width\" content=\"1136\" \/>\n\t<meta property=\"og:image:height\" content=\"757\" \/>\n\t<meta property=\"og:image:type\" content=\"image\/jpeg\" \/>\n<meta name=\"author\" content=\"Micha\u0142 K\u0119ska\" \/>\n<meta name=\"twitter:card\" content=\"summary_large_image\" \/>\n<meta name=\"twitter:label1\" content=\"Napisane przez\" \/>\n\t<meta name=\"twitter:data1\" content=\"Micha\u0142 K\u0119ska\" \/>\n\t<meta name=\"twitter:label2\" content=\"Szacowany czas czytania\" \/>\n\t<meta name=\"twitter:data2\" content=\"1 minuta\" \/>\n<script type=\"application\/ld+json\" class=\"yoast-schema-graph\">{\"@context\":\"https:\\\/\\\/schema.org\",\"@graph\":[{\"@type\":\"Article\",\"@id\":\"https:\\\/\\\/heliantus.pl\\\/szkola\\\/aktualnosci\\\/jaselka-2023\\\/#article\",\"isPartOf\":{\"@id\":\"https:\\\/\\\/heliantus.pl\\\/szkola\\\/aktualnosci\\\/jaselka-2023\\\/\"},\"author\":{\"name\":\"Micha\u0142 K\u0119ska\",\"@id\":\"https:\\\/\\\/heliantus.pl\\\/szkola\\\/#\\\/schema\\\/person\\\/a624713d1fe35413043b0557f7c923f7\"},\"headline\":\"Jase\u0142ka 2023\",\"datePublished\":\"2023-12-19T07:39:13+00:00\",\"dateModified\":\"2023-12-19T07:44:30+00:00\",\"mainEntityOfPage\":{\"@id\":\"https:\\\/\\\/heliantus.pl\\\/szkola\\\/aktualnosci\\\/jaselka-2023\\\/\"},\"wordCount\":42,\"publisher\":{\"@id\":\"https:\\\/\\\/heliantus.pl\\\/szkola\\\/#organization\"},\"image\":{\"@id\":\"https:\\\/\\\/heliantus.pl\\\/szkola\\\/aktualnosci\\\/jaselka-2023\\\/#primaryimage\"},\"thumbnailUrl\":\"https:\\\/\\\/heliantus.pl\\\/szkola\\\/wp-content\\\/uploads\\\/2023\\\/12\\\/AZ_8963.jpg\",\"articleSection\":[\"Aktualno\u015bci\",\"Wydarzenia\",\"z \u017cycia szko\u0142y\"],\"inLanguage\":\"pl-PL\"},{\"@type\":\"WebPage\",\"@id\":\"https:\\\/\\\/heliantus.pl\\\/szkola\\\/aktualnosci\\\/jaselka-2023\\\/\",\"url\":\"https:\\\/\\\/heliantus.pl\\\/szkola\\\/aktualnosci\\\/jaselka-2023\\\/\",\"name\":\"Szko\u0142a Podstawowa Heliantus | niepubliczna szko\u0142a podstawowa Warszawa-Ursyn\u00f3wJase\u0142ka 2023 | Szko\u0142a Podstawowa Heliantus\",\"isPartOf\":{\"@id\":\"https:\\\/\\\/heliantus.pl\\\/szkola\\\/#website\"},\"primaryImageOfPage\":{\"@id\":\"https:\\\/\\\/heliantus.pl\\\/szkola\\\/aktualnosci\\\/jaselka-2023\\\/#primaryimage\"},\"image\":{\"@id\":\"https:\\\/\\\/heliantus.pl\\\/szkola\\\/aktualnosci\\\/jaselka-2023\\\/#primaryimage\"},\"thumbnailUrl\":\"https:\\\/\\\/heliantus.pl\\\/szkola\\\/wp-content\\\/uploads\\\/2023\\\/12\\\/AZ_8963.jpg\",\"datePublished\":\"2023-12-19T07:39:13+00:00\",\"dateModified\":\"2023-12-19T07:44:30+00:00\",\"description\":\"Niepubliczna szko\u0142a podstawowa Heliantus w Warszawie-Ursyn\u00f3w (przy granicy z J\u00f3zefos\u0142awiem). Program: matematyka, informatyka, j\u0119zyki obce. Rekrutacja 2026\\\/27.\",\"breadcrumb\":{\"@id\":\"https:\\\/\\\/heliantus.pl\\\/szkola\\\/aktualnosci\\\/jaselka-2023\\\/#breadcrumb\"},\"inLanguage\":\"pl-PL\",\"potentialAction\":[{\"@type\":\"ReadAction\",\"target\":[\"https:\\\/\\\/heliantus.pl\\\/szkola\\\/aktualnosci\\\/jaselka-2023\\\/\"]}]},{\"@type\":\"ImageObject\",\"inLanguage\":\"pl-PL\",\"@id\":\"https:\\\/\\\/heliantus.pl\\\/szkola\\\/aktualnosci\\\/jaselka-2023\\\/#primaryimage\",\"url\":\"https:\\\/\\\/heliantus.pl\\\/szkola\\\/wp-content\\\/uploads\\\/2023\\\/12\\\/AZ_8963.jpg\",\"contentUrl\":\"https:\\\/\\\/heliantus.pl\\\/szkola\\\/wp-content\\\/uploads\\\/2023\\\/12\\\/AZ_8963.jpg\",\"width\":1136,\"height\":757},{\"@type\":\"BreadcrumbList\",\"@id\":\"https:\\\/\\\/heliantus.pl\\\/szkola\\\/aktualnosci\\\/jaselka-2023\\\/#breadcrumb\",\"itemListElement\":[{\"@type\":\"ListItem\",\"position\":1,\"name\":\"Szko\u0142a Podstawowa\",\"item\":\"https:\\\/\\\/heliantus.pl\\\/szkola\\\/\"},{\"@type\":\"ListItem\",\"position\":2,\"name\":\"Jase\u0142ka 2023\"}]},{\"@type\":\"WebSite\",\"@id\":\"https:\\\/\\\/heliantus.pl\\\/szkola\\\/#website\",\"url\":\"https:\\\/\\\/heliantus.pl\\\/szkola\\\/\",\"name\":\"Szko\u0142a Podstawowa Heliantus | Niepubliczna szko\u0142a Ursyn\u00f3w, J\u00f3zefos\u0142aw | Programowanie, j\u0119zyki, matematyka\",\"description\":\"MATEMATYKA INFORMATYKA J\u0118ZYKI\",\"publisher\":{\"@id\":\"https:\\\/\\\/heliantus.pl\\\/szkola\\\/#organization\"},\"alternateName\":\"SP Heliantus\",\"potentialAction\":[{\"@type\":\"SearchAction\",\"target\":{\"@type\":\"EntryPoint\",\"urlTemplate\":\"https:\\\/\\\/heliantus.pl\\\/szkola\\\/?s={search_term_string}\"},\"query-input\":{\"@type\":\"PropertyValueSpecification\",\"valueRequired\":true,\"valueName\":\"search_term_string\"}}],\"inLanguage\":\"pl-PL\"},{\"@type\":\"Organization\",\"@id\":\"https:\\\/\\\/heliantus.pl\\\/szkola\\\/#organization\",\"name\":\"Szko\u0142a Podstawowa Heliantus\",\"alternateName\":\"SP Heliantus\",\"url\":\"https:\\\/\\\/heliantus.pl\\\/szkola\\\/\",\"logo\":{\"@type\":\"ImageObject\",\"inLanguage\":\"pl-PL\",\"@id\":\"https:\\\/\\\/heliantus.pl\\\/szkola\\\/#\\\/schema\\\/logo\\\/image\\\/\",\"url\":\"https:\\\/\\\/heliantus.pl\\\/szkola\\\/wp-content\\\/uploads\\\/2017\\\/06\\\/SzkolaHeliantus-logo.png\",\"contentUrl\":\"https:\\\/\\\/heliantus.pl\\\/szkola\\\/wp-content\\\/uploads\\\/2017\\\/06\\\/SzkolaHeliantus-logo.png\",\"width\":736,\"height\":383,\"caption\":\"Szko\u0142a Podstawowa Heliantus\"},\"image\":{\"@id\":\"https:\\\/\\\/heliantus.pl\\\/szkola\\\/#\\\/schema\\\/logo\\\/image\\\/\"},\"sameAs\":[\"https:\\\/\\\/facebook.com\\\/SPHeliantus\",\"https:\\\/\\\/www.youtube.com\\\/channel\\\/UCjcaE5GVlsROqRDHQFVe6AA\"]},{\"@type\":\"Person\",\"@id\":\"https:\\\/\\\/heliantus.pl\\\/szkola\\\/#\\\/schema\\\/person\\\/a624713d1fe35413043b0557f7c923f7\",\"name\":\"Micha\u0142 K\u0119ska\",\"image\":{\"@type\":\"ImageObject\",\"inLanguage\":\"pl-PL\",\"@id\":\"https:\\\/\\\/secure.gravatar.com\\\/avatar\\\/ce6c43ad5dcc19d740ce48ca15b142320135e171dc0aaf39798cc0da24a5c044?s=96&d=mm&r=g\",\"url\":\"https:\\\/\\\/secure.gravatar.com\\\/avatar\\\/ce6c43ad5dcc19d740ce48ca15b142320135e171dc0aaf39798cc0da24a5c044?s=96&d=mm&r=g\",\"contentUrl\":\"https:\\\/\\\/secure.gravatar.com\\\/avatar\\\/ce6c43ad5dcc19d740ce48ca15b142320135e171dc0aaf39798cc0da24a5c044?s=96&d=mm&r=g\",\"caption\":\"Micha\u0142 K\u0119ska\"},\"url\":\"https:\\\/\\\/heliantus.pl\\\/szkola\\\/author\\\/michal-keska\\\/\"}]}<\/script>\n<!-- \/ Yoast SEO plugin. -->","yoast_head_json":{"title":"Szko\u0142a Podstawowa Heliantus | niepubliczna szko\u0142a podstawowa Warszawa-Ursyn\u00f3wJase\u0142ka 2023 | Szko\u0142a Podstawowa Heliantus","description":"Niepubliczna szko\u0142a podstawowa Heliantus w Warszawie-Ursyn\u00f3w (przy granicy z J\u00f3zefos\u0142awiem). Program: matematyka, informatyka, j\u0119zyki obce. Rekrutacja 2026\/27.","robots":{"index":"index","follow":"follow","max-snippet":"max-snippet:-1","max-image-preview":"max-image-preview:large","max-video-preview":"max-video-preview:-1"},"canonical":"https:\/\/heliantus.pl\/szkola\/aktualnosci\/jaselka-2023\/","og_locale":"pl_PL","og_type":"article","og_title":"Szko\u0142a Podstawowa Heliantus | niepubliczna szko\u0142a podstawowa Warszawa-Ursyn\u00f3wJase\u0142ka 2023 | Szko\u0142a Podstawowa Heliantus","og_description":"Niepubliczna szko\u0142a podstawowa Heliantus w Warszawie-Ursyn\u00f3w (przy granicy z J\u00f3zefos\u0142awiem). Program: matematyka, informatyka, j\u0119zyki obce. Rekrutacja 2026\/27.","og_url":"https:\/\/heliantus.pl\/szkola\/aktualnosci\/jaselka-2023\/","og_site_name":"Szko\u0142a Podstawowa Heliantus","article_publisher":"https:\/\/facebook.com\/SPHeliantus","article_published_time":"2023-12-19T07:39:13+00:00","article_modified_time":"2023-12-19T07:44:30+00:00","og_image":[{"width":1136,"height":757,"url":"https:\/\/heliantus.pl\/szkola\/wp-content\/uploads\/2023\/12\/AZ_8963.jpg","type":"image\/jpeg"}],"author":"Micha\u0142 K\u0119ska","twitter_card":"summary_large_image","twitter_misc":{"Napisane przez":"Micha\u0142 K\u0119ska","Szacowany czas czytania":"1 minuta"},"schema":{"@context":"https:\/\/schema.org","@graph":[{"@type":"Article","@id":"https:\/\/heliantus.pl\/szkola\/aktualnosci\/jaselka-2023\/#article","isPartOf":{"@id":"https:\/\/heliantus.pl\/szkola\/aktualnosci\/jaselka-2023\/"},"author":{"name":"Micha\u0142 K\u0119ska","@id":"https:\/\/heliantus.pl\/szkola\/#\/schema\/person\/a624713d1fe35413043b0557f7c923f7"},"headline":"Jase\u0142ka 2023","datePublished":"2023-12-19T07:39:13+00:00","dateModified":"2023-12-19T07:44:30+00:00","mainEntityOfPage":{"@id":"https:\/\/heliantus.pl\/szkola\/aktualnosci\/jaselka-2023\/"},"wordCount":42,"publisher":{"@id":"https:\/\/heliantus.pl\/szkola\/#organization"},"image":{"@id":"https:\/\/heliantus.pl\/szkola\/aktualnosci\/jaselka-2023\/#primaryimage"},"thumbnailUrl":"https:\/\/heliantus.pl\/szkola\/wp-content\/uploads\/2023\/12\/AZ_8963.jpg","articleSection":["Aktualno\u015bci","Wydarzenia","z \u017cycia szko\u0142y"],"inLanguage":"pl-PL"},{"@type":"WebPage","@id":"https:\/\/heliantus.pl\/szkola\/aktualnosci\/jaselka-2023\/","url":"https:\/\/heliantus.pl\/szkola\/aktualnosci\/jaselka-2023\/","name":"Szko\u0142a Podstawowa Heliantus | niepubliczna szko\u0142a podstawowa Warszawa-Ursyn\u00f3wJase\u0142ka 2023 | Szko\u0142a Podstawowa Heliantus","isPartOf":{"@id":"https:\/\/heliantus.pl\/szkola\/#website"},"primaryImageOfPage":{"@id":"https:\/\/heliantus.pl\/szkola\/aktualnosci\/jaselka-2023\/#primaryimage"},"image":{"@id":"https:\/\/heliantus.pl\/szkola\/aktualnosci\/jaselka-2023\/#primaryimage"},"thumbnailUrl":"https:\/\/heliantus.pl\/szkola\/wp-content\/uploads\/2023\/12\/AZ_8963.jpg","datePublished":"2023-12-19T07:39:13+00:00","dateModified":"2023-12-19T07:44:30+00:00","description":"Niepubliczna szko\u0142a podstawowa Heliantus w Warszawie-Ursyn\u00f3w (przy granicy z J\u00f3zefos\u0142awiem). Program: matematyka, informatyka, j\u0119zyki obce. Rekrutacja 2026\/27.","breadcrumb":{"@id":"https:\/\/heliantus.pl\/szkola\/aktualnosci\/jaselka-2023\/#breadcrumb"},"inLanguage":"pl-PL","potentialAction":[{"@type":"ReadAction","target":["https:\/\/heliantus.pl\/szkola\/aktualnosci\/jaselka-2023\/"]}]},{"@type":"ImageObject","inLanguage":"pl-PL","@id":"https:\/\/heliantus.pl\/szkola\/aktualnosci\/jaselka-2023\/#primaryimage","url":"https:\/\/heliantus.pl\/szkola\/wp-content\/uploads\/2023\/12\/AZ_8963.jpg","contentUrl":"https:\/\/heliantus.pl\/szkola\/wp-content\/uploads\/2023\/12\/AZ_8963.jpg","width":1136,"height":757},{"@type":"BreadcrumbList","@id":"https:\/\/heliantus.pl\/szkola\/aktualnosci\/jaselka-2023\/#breadcrumb","itemListElement":[{"@type":"ListItem","position":1,"name":"Szko\u0142a Podstawowa","item":"https:\/\/heliantus.pl\/szkola\/"},{"@type":"ListItem","position":2,"name":"Jase\u0142ka 2023"}]},{"@type":"WebSite","@id":"https:\/\/heliantus.pl\/szkola\/#website","url":"https:\/\/heliantus.pl\/szkola\/","name":"Szko\u0142a Podstawowa Heliantus | Niepubliczna szko\u0142a Ursyn\u00f3w, J\u00f3zefos\u0142aw | Programowanie, j\u0119zyki, matematyka","description":"MATEMATYKA INFORMATYKA J\u0118ZYKI","publisher":{"@id":"https:\/\/heliantus.pl\/szkola\/#organization"},"alternateName":"SP Heliantus","potentialAction":[{"@type":"SearchAction","target":{"@type":"EntryPoint","urlTemplate":"https:\/\/heliantus.pl\/szkola\/?s={search_term_string}"},"query-input":{"@type":"PropertyValueSpecification","valueRequired":true,"valueName":"search_term_string"}}],"inLanguage":"pl-PL"},{"@type":"Organization","@id":"https:\/\/heliantus.pl\/szkola\/#organization","name":"Szko\u0142a Podstawowa Heliantus","alternateName":"SP Heliantus","url":"https:\/\/heliantus.pl\/szkola\/","logo":{"@type":"ImageObject","inLanguage":"pl-PL","@id":"https:\/\/heliantus.pl\/szkola\/#\/schema\/logo\/image\/","url":"https:\/\/heliantus.pl\/szkola\/wp-content\/uploads\/2017\/06\/SzkolaHeliantus-logo.png","contentUrl":"https:\/\/heliantus.pl\/szkola\/wp-content\/uploads\/2017\/06\/SzkolaHeliantus-logo.png","width":736,"height":383,"caption":"Szko\u0142a Podstawowa Heliantus"},"image":{"@id":"https:\/\/heliantus.pl\/szkola\/#\/schema\/logo\/image\/"},"sameAs":["https:\/\/facebook.com\/SPHeliantus","https:\/\/www.youtube.com\/channel\/UCjcaE5GVlsROqRDHQFVe6AA"]},{"@type":"Person","@id":"https:\/\/heliantus.pl\/szkola\/#\/schema\/person\/a624713d1fe35413043b0557f7c923f7","name":"Micha\u0142 K\u0119ska","image":{"@type":"ImageObject","inLanguage":"pl-PL","@id":"https:\/\/secure.gravatar.com\/avatar\/ce6c43ad5dcc19d740ce48ca15b142320135e171dc0aaf39798cc0da24a5c044?s=96&d=mm&r=g","url":"https:\/\/secure.gravatar.com\/avatar\/ce6c43ad5dcc19d740ce48ca15b142320135e171dc0aaf39798cc0da24a5c044?s=96&d=mm&r=g","contentUrl":"https:\/\/secure.gravatar.com\/avatar\/ce6c43ad5dcc19d740ce48ca15b142320135e171dc0aaf39798cc0da24a5c044?s=96&d=mm&r=g","caption":"Micha\u0142 K\u0119ska"},"url":"https:\/\/heliantus.pl\/szkola\/author\/michal-keska\/"}]}},"amp_enabled":true,"_links":{"self":[{"href":"https:\/\/heliantus.pl\/szkola\/wp-json\/wp\/v2\/posts\/6554","targetHints":{"allow":["GET"]}}],"collection":[{"href":"https:\/\/heliantus.pl\/szkola\/wp-json\/wp\/v2\/posts"}],"about":[{"href":"https:\/\/heliantus.pl\/szkola\/wp-json\/wp\/v2\/types\/post"}],"author":[{"embeddable":true,"href":"https:\/\/heliantus.pl\/szkola\/wp-json\/wp\/v2\/users\/3"}],"replies":[{"embeddable":true,"href":"https:\/\/heliantus.pl\/szkola\/wp-json\/wp\/v2\/comments?post=6554"}],"version-history":[{"count":1,"href":"https:\/\/heliantus.pl\/szkola\/wp-json\/wp\/v2\/posts\/6554\/revisions"}],"predecessor-version":[{"id":6556,"href":"https:\/\/heliantus.pl\/szkola\/wp-json\/wp\/v2\/posts\/6554\/revisions\/6556"}],"wp:featuredmedia":[{"embeddable":true,"href":"https:\/\/heliantus.pl\/szkola\/wp-json\/wp\/v2\/media\/6557"}],"wp:attachment":[{"href":"https:\/\/heliantus.pl\/szkola\/wp-json\/wp\/v2\/media?parent=6554"}],"wp:term":[{"taxonomy":"category","embeddable":true,"href":"https:\/\/heliantus.pl\/szkola\/wp-json\/wp\/v2\/categories?post=6554"},{"taxonomy":"post_tag","embeddable":true,"href":"https:\/\/heliantus.pl\/szkola\/wp-json\/wp\/v2\/tags?post=6554"}],"curies":[{"name":"wp","href":"https:\/\/api.w.org\/{rel}","templated":true}]}}