{"id":5791,"date":"2023-02-16T11:32:49","date_gmt":"2023-02-16T10:32:49","guid":{"rendered":"https:\/\/heliantus.pl\/szkola\/?p=5791"},"modified":"2023-02-16T11:44:31","modified_gmt":"2023-02-16T10:44:31","slug":"wywiad-z-prof-tadeuszem-stysiem-prezesem-heliantus-sp-z-o-o-organem-prowadzacym-szkole-heliantus","status":"publish","type":"post","link":"https:\/\/heliantus.pl\/szkola\/aktualnosci\/wywiad-z-prof-tadeuszem-stysiem-prezesem-heliantus-sp-z-o-o-organem-prowadzacym-szkole-heliantus\/","title":{"rendered":"Wywiad z prof. Tadeuszem Stysiem, prezesem Heliantus sp. z o.o.,  organem prowadz\u0105cym Szko\u0142\u0119 Heliantus"},"content":{"rendered":"\n<figure class=\"wp-block-image size-large\"><a href=\"https:\/\/heliantus.pl\/szkola\/wp-content\/uploads\/2023\/02\/325643107_748479796458153_1141036151263913643_n-scaled.jpg\" data-rel=\"lightbox-gallery-6CixKbxQ\" data-rl_title=\"\" data-rl_caption=\"\" title=\"\"><img fetchpriority=\"high\" decoding=\"async\" width=\"1024\" height=\"576\" src=\"https:\/\/heliantus.pl\/szkola\/wp-content\/uploads\/2023\/02\/325643107_748479796458153_1141036151263913643_n-1024x576.jpg\" alt=\"\" class=\"wp-image-5792\" srcset=\"https:\/\/heliantus.pl\/szkola\/wp-content\/uploads\/2023\/02\/325643107_748479796458153_1141036151263913643_n-1024x576.jpg 1024w, https:\/\/heliantus.pl\/szkola\/wp-content\/uploads\/2023\/02\/325643107_748479796458153_1141036151263913643_n-300x169.jpg 300w, https:\/\/heliantus.pl\/szkola\/wp-content\/uploads\/2023\/02\/325643107_748479796458153_1141036151263913643_n-768x432.jpg 768w, https:\/\/heliantus.pl\/szkola\/wp-content\/uploads\/2023\/02\/325643107_748479796458153_1141036151263913643_n-1536x864.jpg 1536w, https:\/\/heliantus.pl\/szkola\/wp-content\/uploads\/2023\/02\/325643107_748479796458153_1141036151263913643_n-2048x1152.jpg 2048w, https:\/\/heliantus.pl\/szkola\/wp-content\/uploads\/2023\/02\/325643107_748479796458153_1141036151263913643_n-360x202.jpg 360w\" sizes=\"(max-width: 1024px) 100vw, 1024px\" \/><\/a><\/figure>\n\n\n\n<p>W Walentynki, na antenie Radia Warszawa (106,2 fm), w ramach cyklu Paw\u0142a K\u0119ski &#8211; <a href=\"https:\/\/radiowarszawa.com.pl\/wywiad-z-czlowiekiem\/\">Wywiad z Cz\u0142owiekiem<\/a> wyemitowany zosta\u0142 wywiad z prezesem Heliantus sp. z o.o.<\/p>\n\n\n\n<p>Zapraszamy do wys\u0142uchania.<\/p>\n\n\n\n<p class=\"has-dark-yellow-background-color has-background has-large-font-size\"><a href=\"https:\/\/soundcloud.com\/radio-warszawa\/wywiad-2023-02-14?utm_source=radiowarszawa.com.pl&amp;utm_campaign=wtshare&amp;utm_medium=widget&amp;utm_content=https%253A%252F%252Fsoundcloud.com%252Fradio-warszawa%252Fwywiad-2023-02-14\" target=\"_blank\" rel=\"noreferrer noopener\">Wywiad 2023 &#8211; 02 &#8211; 14, Radio Warszawa (soundcloud.com)<\/a><\/p>\n\n\n\n<p class=\"has-large-font-size\"><\/p>\n\n\n\n<p><\/p>\n","protected":false},"excerpt":{"rendered":"<p>W Walentynki, na antenie Radia Warszawa (106,2 fm), w ramach cyklu Paw\u0142a K\u0119ski &#8211; Wywiad z Cz\u0142owiekiem wyemitowany zosta\u0142 wywiad z prezesem Heliantus sp. z o.o. Zapraszamy do wys\u0142uchania. Wywiad 2023 &#8211; 02 &#8211; 14, Radio Warszawa (soundcloud.com)<\/p>\n","protected":false},"author":3,"featured_media":5792,"comment_status":"closed","ping_status":"closed","sticky":false,"template":"","format":"standard","meta":{"_eb_attr":"","footnotes":""},"categories":[3,7,6,33],"tags":[],"class_list":["post-5791","post","type-post","status-publish","format-standard","has-post-thumbnail","hentry","category-aktualnosci","category-ogloszenia","category-wydarzenia","category-zzyciaszkoly"],"yoast_head":"<!-- This site is optimized with the Yoast SEO plugin v27.5 - https:\/\/yoast.com\/product\/yoast-seo-wordpress\/ -->\n<title>Szko\u0142a Podstawowa Heliantus | niepubliczna szko\u0142a podstawowa Warszawa-Ursyn\u00f3wWywiad z prof. Tadeuszem Stysiem, prezesem Heliantus sp. z o.o., organem prowadz\u0105cym Szko\u0142\u0119 Heliantus | Szko\u0142a Podstawowa Heliantus<\/title>\n<meta name=\"description\" content=\"Niepubliczna szko\u0142a podstawowa Heliantus w Warszawie-Ursyn\u00f3w (przy granicy z J\u00f3zefos\u0142awiem). Program: matematyka, informatyka, j\u0119zyki obce. Rekrutacja 2026\/27.\" \/>\n<meta name=\"robots\" content=\"index, follow, max-snippet:-1, max-image-preview:large, max-video-preview:-1\" \/>\n<link rel=\"canonical\" href=\"https:\/\/heliantus.pl\/szkola\/aktualnosci\/wywiad-z-prof-tadeuszem-stysiem-prezesem-heliantus-sp-z-o-o-organem-prowadzacym-szkole-heliantus\/\" \/>\n<meta property=\"og:locale\" content=\"pl_PL\" \/>\n<meta property=\"og:type\" content=\"article\" \/>\n<meta property=\"og:title\" content=\"Szko\u0142a Podstawowa Heliantus | niepubliczna szko\u0142a podstawowa Warszawa-Ursyn\u00f3wWywiad z prof. Tadeuszem Stysiem, prezesem Heliantus sp. z o.o., organem prowadz\u0105cym Szko\u0142\u0119 Heliantus | Szko\u0142a Podstawowa Heliantus\" \/>\n<meta property=\"og:description\" content=\"Niepubliczna szko\u0142a podstawowa Heliantus w Warszawie-Ursyn\u00f3w (przy granicy z J\u00f3zefos\u0142awiem). Program: matematyka, informatyka, j\u0119zyki obce. Rekrutacja 2026\/27.\" \/>\n<meta property=\"og:url\" content=\"https:\/\/heliantus.pl\/szkola\/aktualnosci\/wywiad-z-prof-tadeuszem-stysiem-prezesem-heliantus-sp-z-o-o-organem-prowadzacym-szkole-heliantus\/\" \/>\n<meta property=\"og:site_name\" content=\"Szko\u0142a Podstawowa Heliantus\" \/>\n<meta property=\"article:publisher\" content=\"https:\/\/facebook.com\/SPHeliantus\" \/>\n<meta property=\"article:published_time\" content=\"2023-02-16T10:32:49+00:00\" \/>\n<meta property=\"article:modified_time\" content=\"2023-02-16T10:44:31+00:00\" \/>\n<meta property=\"og:image\" content=\"https:\/\/heliantus.pl\/szkola\/wp-content\/uploads\/2023\/02\/325643107_748479796458153_1141036151263913643_n-scaled.jpg\" \/>\n\t<meta property=\"og:image:width\" content=\"2560\" \/>\n\t<meta property=\"og:image:height\" content=\"1440\" \/>\n\t<meta property=\"og:image:type\" content=\"image\/jpeg\" \/>\n<meta name=\"author\" content=\"Micha\u0142 K\u0119ska\" \/>\n<meta name=\"twitter:card\" content=\"summary_large_image\" \/>\n<meta name=\"twitter:label1\" content=\"Napisane przez\" \/>\n\t<meta name=\"twitter:data1\" content=\"Micha\u0142 K\u0119ska\" \/>\n\t<meta name=\"twitter:label2\" content=\"Szacowany czas czytania\" \/>\n\t<meta name=\"twitter:data2\" content=\"1 minuta\" \/>\n<script type=\"application\/ld+json\" class=\"yoast-schema-graph\">{\"@context\":\"https:\\\/\\\/schema.org\",\"@graph\":[{\"@type\":\"Article\",\"@id\":\"https:\\\/\\\/heliantus.pl\\\/szkola\\\/aktualnosci\\\/wywiad-z-prof-tadeuszem-stysiem-prezesem-heliantus-sp-z-o-o-organem-prowadzacym-szkole-heliantus\\\/#article\",\"isPartOf\":{\"@id\":\"https:\\\/\\\/heliantus.pl\\\/szkola\\\/aktualnosci\\\/wywiad-z-prof-tadeuszem-stysiem-prezesem-heliantus-sp-z-o-o-organem-prowadzacym-szkole-heliantus\\\/\"},\"author\":{\"name\":\"Micha\u0142 K\u0119ska\",\"@id\":\"https:\\\/\\\/heliantus.pl\\\/szkola\\\/#\\\/schema\\\/person\\\/a624713d1fe35413043b0557f7c923f7\"},\"headline\":\"Wywiad z prof. Tadeuszem Stysiem, prezesem Heliantus sp. z o.o., organem prowadz\u0105cym Szko\u0142\u0119 Heliantus\",\"datePublished\":\"2023-02-16T10:32:49+00:00\",\"dateModified\":\"2023-02-16T10:44:31+00:00\",\"mainEntityOfPage\":{\"@id\":\"https:\\\/\\\/heliantus.pl\\\/szkola\\\/aktualnosci\\\/wywiad-z-prof-tadeuszem-stysiem-prezesem-heliantus-sp-z-o-o-organem-prowadzacym-szkole-heliantus\\\/\"},\"wordCount\":56,\"publisher\":{\"@id\":\"https:\\\/\\\/heliantus.pl\\\/szkola\\\/#organization\"},\"image\":{\"@id\":\"https:\\\/\\\/heliantus.pl\\\/szkola\\\/aktualnosci\\\/wywiad-z-prof-tadeuszem-stysiem-prezesem-heliantus-sp-z-o-o-organem-prowadzacym-szkole-heliantus\\\/#primaryimage\"},\"thumbnailUrl\":\"https:\\\/\\\/heliantus.pl\\\/szkola\\\/wp-content\\\/uploads\\\/2023\\\/02\\\/325643107_748479796458153_1141036151263913643_n-scaled.jpg\",\"articleSection\":[\"Aktualno\u015bci\",\"Og\u0142oszenia\",\"Wydarzenia\",\"z \u017cycia szko\u0142y\"],\"inLanguage\":\"pl-PL\"},{\"@type\":\"WebPage\",\"@id\":\"https:\\\/\\\/heliantus.pl\\\/szkola\\\/aktualnosci\\\/wywiad-z-prof-tadeuszem-stysiem-prezesem-heliantus-sp-z-o-o-organem-prowadzacym-szkole-heliantus\\\/\",\"url\":\"https:\\\/\\\/heliantus.pl\\\/szkola\\\/aktualnosci\\\/wywiad-z-prof-tadeuszem-stysiem-prezesem-heliantus-sp-z-o-o-organem-prowadzacym-szkole-heliantus\\\/\",\"name\":\"Szko\u0142a Podstawowa Heliantus | niepubliczna szko\u0142a podstawowa Warszawa-Ursyn\u00f3wWywiad z prof. Tadeuszem Stysiem, prezesem Heliantus sp. z o.o., organem prowadz\u0105cym Szko\u0142\u0119 Heliantus | Szko\u0142a Podstawowa Heliantus\",\"isPartOf\":{\"@id\":\"https:\\\/\\\/heliantus.pl\\\/szkola\\\/#website\"},\"primaryImageOfPage\":{\"@id\":\"https:\\\/\\\/heliantus.pl\\\/szkola\\\/aktualnosci\\\/wywiad-z-prof-tadeuszem-stysiem-prezesem-heliantus-sp-z-o-o-organem-prowadzacym-szkole-heliantus\\\/#primaryimage\"},\"image\":{\"@id\":\"https:\\\/\\\/heliantus.pl\\\/szkola\\\/aktualnosci\\\/wywiad-z-prof-tadeuszem-stysiem-prezesem-heliantus-sp-z-o-o-organem-prowadzacym-szkole-heliantus\\\/#primaryimage\"},\"thumbnailUrl\":\"https:\\\/\\\/heliantus.pl\\\/szkola\\\/wp-content\\\/uploads\\\/2023\\\/02\\\/325643107_748479796458153_1141036151263913643_n-scaled.jpg\",\"datePublished\":\"2023-02-16T10:32:49+00:00\",\"dateModified\":\"2023-02-16T10:44:31+00:00\",\"description\":\"Niepubliczna szko\u0142a podstawowa Heliantus w Warszawie-Ursyn\u00f3w (przy granicy z J\u00f3zefos\u0142awiem). Program: matematyka, informatyka, j\u0119zyki obce. Rekrutacja 2026\\\/27.\",\"breadcrumb\":{\"@id\":\"https:\\\/\\\/heliantus.pl\\\/szkola\\\/aktualnosci\\\/wywiad-z-prof-tadeuszem-stysiem-prezesem-heliantus-sp-z-o-o-organem-prowadzacym-szkole-heliantus\\\/#breadcrumb\"},\"inLanguage\":\"pl-PL\",\"potentialAction\":[{\"@type\":\"ReadAction\",\"target\":[\"https:\\\/\\\/heliantus.pl\\\/szkola\\\/aktualnosci\\\/wywiad-z-prof-tadeuszem-stysiem-prezesem-heliantus-sp-z-o-o-organem-prowadzacym-szkole-heliantus\\\/\"]}]},{\"@type\":\"ImageObject\",\"inLanguage\":\"pl-PL\",\"@id\":\"https:\\\/\\\/heliantus.pl\\\/szkola\\\/aktualnosci\\\/wywiad-z-prof-tadeuszem-stysiem-prezesem-heliantus-sp-z-o-o-organem-prowadzacym-szkole-heliantus\\\/#primaryimage\",\"url\":\"https:\\\/\\\/heliantus.pl\\\/szkola\\\/wp-content\\\/uploads\\\/2023\\\/02\\\/325643107_748479796458153_1141036151263913643_n-scaled.jpg\",\"contentUrl\":\"https:\\\/\\\/heliantus.pl\\\/szkola\\\/wp-content\\\/uploads\\\/2023\\\/02\\\/325643107_748479796458153_1141036151263913643_n-scaled.jpg\",\"width\":2560,\"height\":1440},{\"@type\":\"BreadcrumbList\",\"@id\":\"https:\\\/\\\/heliantus.pl\\\/szkola\\\/aktualnosci\\\/wywiad-z-prof-tadeuszem-stysiem-prezesem-heliantus-sp-z-o-o-organem-prowadzacym-szkole-heliantus\\\/#breadcrumb\",\"itemListElement\":[{\"@type\":\"ListItem\",\"position\":1,\"name\":\"Szko\u0142a Podstawowa\",\"item\":\"https:\\\/\\\/heliantus.pl\\\/szkola\\\/\"},{\"@type\":\"ListItem\",\"position\":2,\"name\":\"Wywiad z prof. Tadeuszem Stysiem, prezesem Heliantus sp. z o.o., organem prowadz\u0105cym Szko\u0142\u0119 Heliantus\"}]},{\"@type\":\"WebSite\",\"@id\":\"https:\\\/\\\/heliantus.pl\\\/szkola\\\/#website\",\"url\":\"https:\\\/\\\/heliantus.pl\\\/szkola\\\/\",\"name\":\"Szko\u0142a Podstawowa Heliantus | Niepubliczna szko\u0142a Ursyn\u00f3w, J\u00f3zefos\u0142aw | Programowanie, j\u0119zyki, matematyka\",\"description\":\"MATEMATYKA INFORMATYKA J\u0118ZYKI\",\"publisher\":{\"@id\":\"https:\\\/\\\/heliantus.pl\\\/szkola\\\/#organization\"},\"alternateName\":\"SP Heliantus\",\"potentialAction\":[{\"@type\":\"SearchAction\",\"target\":{\"@type\":\"EntryPoint\",\"urlTemplate\":\"https:\\\/\\\/heliantus.pl\\\/szkola\\\/?s={search_term_string}\"},\"query-input\":{\"@type\":\"PropertyValueSpecification\",\"valueRequired\":true,\"valueName\":\"search_term_string\"}}],\"inLanguage\":\"pl-PL\"},{\"@type\":\"Organization\",\"@id\":\"https:\\\/\\\/heliantus.pl\\\/szkola\\\/#organization\",\"name\":\"Szko\u0142a Podstawowa Heliantus\",\"alternateName\":\"SP Heliantus\",\"url\":\"https:\\\/\\\/heliantus.pl\\\/szkola\\\/\",\"logo\":{\"@type\":\"ImageObject\",\"inLanguage\":\"pl-PL\",\"@id\":\"https:\\\/\\\/heliantus.pl\\\/szkola\\\/#\\\/schema\\\/logo\\\/image\\\/\",\"url\":\"https:\\\/\\\/heliantus.pl\\\/szkola\\\/wp-content\\\/uploads\\\/2017\\\/06\\\/SzkolaHeliantus-logo.png\",\"contentUrl\":\"https:\\\/\\\/heliantus.pl\\\/szkola\\\/wp-content\\\/uploads\\\/2017\\\/06\\\/SzkolaHeliantus-logo.png\",\"width\":736,\"height\":383,\"caption\":\"Szko\u0142a Podstawowa Heliantus\"},\"image\":{\"@id\":\"https:\\\/\\\/heliantus.pl\\\/szkola\\\/#\\\/schema\\\/logo\\\/image\\\/\"},\"sameAs\":[\"https:\\\/\\\/facebook.com\\\/SPHeliantus\",\"https:\\\/\\\/www.youtube.com\\\/channel\\\/UCjcaE5GVlsROqRDHQFVe6AA\"]},{\"@type\":\"Person\",\"@id\":\"https:\\\/\\\/heliantus.pl\\\/szkola\\\/#\\\/schema\\\/person\\\/a624713d1fe35413043b0557f7c923f7\",\"name\":\"Micha\u0142 K\u0119ska\",\"image\":{\"@type\":\"ImageObject\",\"inLanguage\":\"pl-PL\",\"@id\":\"https:\\\/\\\/secure.gravatar.com\\\/avatar\\\/ce6c43ad5dcc19d740ce48ca15b142320135e171dc0aaf39798cc0da24a5c044?s=96&d=mm&r=g\",\"url\":\"https:\\\/\\\/secure.gravatar.com\\\/avatar\\\/ce6c43ad5dcc19d740ce48ca15b142320135e171dc0aaf39798cc0da24a5c044?s=96&d=mm&r=g\",\"contentUrl\":\"https:\\\/\\\/secure.gravatar.com\\\/avatar\\\/ce6c43ad5dcc19d740ce48ca15b142320135e171dc0aaf39798cc0da24a5c044?s=96&d=mm&r=g\",\"caption\":\"Micha\u0142 K\u0119ska\"},\"url\":\"https:\\\/\\\/heliantus.pl\\\/szkola\\\/author\\\/michal-keska\\\/\"}]}<\/script>\n<!-- \/ Yoast SEO plugin. -->","yoast_head_json":{"title":"Szko\u0142a Podstawowa Heliantus | niepubliczna szko\u0142a podstawowa Warszawa-Ursyn\u00f3wWywiad z prof. Tadeuszem Stysiem, prezesem Heliantus sp. z o.o., organem prowadz\u0105cym Szko\u0142\u0119 Heliantus | Szko\u0142a Podstawowa Heliantus","description":"Niepubliczna szko\u0142a podstawowa Heliantus w Warszawie-Ursyn\u00f3w (przy granicy z J\u00f3zefos\u0142awiem). Program: matematyka, informatyka, j\u0119zyki obce. Rekrutacja 2026\/27.","robots":{"index":"index","follow":"follow","max-snippet":"max-snippet:-1","max-image-preview":"max-image-preview:large","max-video-preview":"max-video-preview:-1"},"canonical":"https:\/\/heliantus.pl\/szkola\/aktualnosci\/wywiad-z-prof-tadeuszem-stysiem-prezesem-heliantus-sp-z-o-o-organem-prowadzacym-szkole-heliantus\/","og_locale":"pl_PL","og_type":"article","og_title":"Szko\u0142a Podstawowa Heliantus | niepubliczna szko\u0142a podstawowa Warszawa-Ursyn\u00f3wWywiad z prof. Tadeuszem Stysiem, prezesem Heliantus sp. z o.o., organem prowadz\u0105cym Szko\u0142\u0119 Heliantus | Szko\u0142a Podstawowa Heliantus","og_description":"Niepubliczna szko\u0142a podstawowa Heliantus w Warszawie-Ursyn\u00f3w (przy granicy z J\u00f3zefos\u0142awiem). Program: matematyka, informatyka, j\u0119zyki obce. Rekrutacja 2026\/27.","og_url":"https:\/\/heliantus.pl\/szkola\/aktualnosci\/wywiad-z-prof-tadeuszem-stysiem-prezesem-heliantus-sp-z-o-o-organem-prowadzacym-szkole-heliantus\/","og_site_name":"Szko\u0142a Podstawowa Heliantus","article_publisher":"https:\/\/facebook.com\/SPHeliantus","article_published_time":"2023-02-16T10:32:49+00:00","article_modified_time":"2023-02-16T10:44:31+00:00","og_image":[{"width":2560,"height":1440,"url":"https:\/\/heliantus.pl\/szkola\/wp-content\/uploads\/2023\/02\/325643107_748479796458153_1141036151263913643_n-scaled.jpg","type":"image\/jpeg"}],"author":"Micha\u0142 K\u0119ska","twitter_card":"summary_large_image","twitter_misc":{"Napisane przez":"Micha\u0142 K\u0119ska","Szacowany czas czytania":"1 minuta"},"schema":{"@context":"https:\/\/schema.org","@graph":[{"@type":"Article","@id":"https:\/\/heliantus.pl\/szkola\/aktualnosci\/wywiad-z-prof-tadeuszem-stysiem-prezesem-heliantus-sp-z-o-o-organem-prowadzacym-szkole-heliantus\/#article","isPartOf":{"@id":"https:\/\/heliantus.pl\/szkola\/aktualnosci\/wywiad-z-prof-tadeuszem-stysiem-prezesem-heliantus-sp-z-o-o-organem-prowadzacym-szkole-heliantus\/"},"author":{"name":"Micha\u0142 K\u0119ska","@id":"https:\/\/heliantus.pl\/szkola\/#\/schema\/person\/a624713d1fe35413043b0557f7c923f7"},"headline":"Wywiad z prof. Tadeuszem Stysiem, prezesem Heliantus sp. z o.o., organem prowadz\u0105cym Szko\u0142\u0119 Heliantus","datePublished":"2023-02-16T10:32:49+00:00","dateModified":"2023-02-16T10:44:31+00:00","mainEntityOfPage":{"@id":"https:\/\/heliantus.pl\/szkola\/aktualnosci\/wywiad-z-prof-tadeuszem-stysiem-prezesem-heliantus-sp-z-o-o-organem-prowadzacym-szkole-heliantus\/"},"wordCount":56,"publisher":{"@id":"https:\/\/heliantus.pl\/szkola\/#organization"},"image":{"@id":"https:\/\/heliantus.pl\/szkola\/aktualnosci\/wywiad-z-prof-tadeuszem-stysiem-prezesem-heliantus-sp-z-o-o-organem-prowadzacym-szkole-heliantus\/#primaryimage"},"thumbnailUrl":"https:\/\/heliantus.pl\/szkola\/wp-content\/uploads\/2023\/02\/325643107_748479796458153_1141036151263913643_n-scaled.jpg","articleSection":["Aktualno\u015bci","Og\u0142oszenia","Wydarzenia","z \u017cycia szko\u0142y"],"inLanguage":"pl-PL"},{"@type":"WebPage","@id":"https:\/\/heliantus.pl\/szkola\/aktualnosci\/wywiad-z-prof-tadeuszem-stysiem-prezesem-heliantus-sp-z-o-o-organem-prowadzacym-szkole-heliantus\/","url":"https:\/\/heliantus.pl\/szkola\/aktualnosci\/wywiad-z-prof-tadeuszem-stysiem-prezesem-heliantus-sp-z-o-o-organem-prowadzacym-szkole-heliantus\/","name":"Szko\u0142a Podstawowa Heliantus | niepubliczna szko\u0142a podstawowa Warszawa-Ursyn\u00f3wWywiad z prof. Tadeuszem Stysiem, prezesem Heliantus sp. z o.o., organem prowadz\u0105cym Szko\u0142\u0119 Heliantus | Szko\u0142a Podstawowa Heliantus","isPartOf":{"@id":"https:\/\/heliantus.pl\/szkola\/#website"},"primaryImageOfPage":{"@id":"https:\/\/heliantus.pl\/szkola\/aktualnosci\/wywiad-z-prof-tadeuszem-stysiem-prezesem-heliantus-sp-z-o-o-organem-prowadzacym-szkole-heliantus\/#primaryimage"},"image":{"@id":"https:\/\/heliantus.pl\/szkola\/aktualnosci\/wywiad-z-prof-tadeuszem-stysiem-prezesem-heliantus-sp-z-o-o-organem-prowadzacym-szkole-heliantus\/#primaryimage"},"thumbnailUrl":"https:\/\/heliantus.pl\/szkola\/wp-content\/uploads\/2023\/02\/325643107_748479796458153_1141036151263913643_n-scaled.jpg","datePublished":"2023-02-16T10:32:49+00:00","dateModified":"2023-02-16T10:44:31+00:00","description":"Niepubliczna szko\u0142a podstawowa Heliantus w Warszawie-Ursyn\u00f3w (przy granicy z J\u00f3zefos\u0142awiem). Program: matematyka, informatyka, j\u0119zyki obce. Rekrutacja 2026\/27.","breadcrumb":{"@id":"https:\/\/heliantus.pl\/szkola\/aktualnosci\/wywiad-z-prof-tadeuszem-stysiem-prezesem-heliantus-sp-z-o-o-organem-prowadzacym-szkole-heliantus\/#breadcrumb"},"inLanguage":"pl-PL","potentialAction":[{"@type":"ReadAction","target":["https:\/\/heliantus.pl\/szkola\/aktualnosci\/wywiad-z-prof-tadeuszem-stysiem-prezesem-heliantus-sp-z-o-o-organem-prowadzacym-szkole-heliantus\/"]}]},{"@type":"ImageObject","inLanguage":"pl-PL","@id":"https:\/\/heliantus.pl\/szkola\/aktualnosci\/wywiad-z-prof-tadeuszem-stysiem-prezesem-heliantus-sp-z-o-o-organem-prowadzacym-szkole-heliantus\/#primaryimage","url":"https:\/\/heliantus.pl\/szkola\/wp-content\/uploads\/2023\/02\/325643107_748479796458153_1141036151263913643_n-scaled.jpg","contentUrl":"https:\/\/heliantus.pl\/szkola\/wp-content\/uploads\/2023\/02\/325643107_748479796458153_1141036151263913643_n-scaled.jpg","width":2560,"height":1440},{"@type":"BreadcrumbList","@id":"https:\/\/heliantus.pl\/szkola\/aktualnosci\/wywiad-z-prof-tadeuszem-stysiem-prezesem-heliantus-sp-z-o-o-organem-prowadzacym-szkole-heliantus\/#breadcrumb","itemListElement":[{"@type":"ListItem","position":1,"name":"Szko\u0142a Podstawowa","item":"https:\/\/heliantus.pl\/szkola\/"},{"@type":"ListItem","position":2,"name":"Wywiad z prof. Tadeuszem Stysiem, prezesem Heliantus sp. z o.o., organem prowadz\u0105cym Szko\u0142\u0119 Heliantus"}]},{"@type":"WebSite","@id":"https:\/\/heliantus.pl\/szkola\/#website","url":"https:\/\/heliantus.pl\/szkola\/","name":"Szko\u0142a Podstawowa Heliantus | Niepubliczna szko\u0142a Ursyn\u00f3w, J\u00f3zefos\u0142aw | Programowanie, j\u0119zyki, matematyka","description":"MATEMATYKA INFORMATYKA J\u0118ZYKI","publisher":{"@id":"https:\/\/heliantus.pl\/szkola\/#organization"},"alternateName":"SP Heliantus","potentialAction":[{"@type":"SearchAction","target":{"@type":"EntryPoint","urlTemplate":"https:\/\/heliantus.pl\/szkola\/?s={search_term_string}"},"query-input":{"@type":"PropertyValueSpecification","valueRequired":true,"valueName":"search_term_string"}}],"inLanguage":"pl-PL"},{"@type":"Organization","@id":"https:\/\/heliantus.pl\/szkola\/#organization","name":"Szko\u0142a Podstawowa Heliantus","alternateName":"SP Heliantus","url":"https:\/\/heliantus.pl\/szkola\/","logo":{"@type":"ImageObject","inLanguage":"pl-PL","@id":"https:\/\/heliantus.pl\/szkola\/#\/schema\/logo\/image\/","url":"https:\/\/heliantus.pl\/szkola\/wp-content\/uploads\/2017\/06\/SzkolaHeliantus-logo.png","contentUrl":"https:\/\/heliantus.pl\/szkola\/wp-content\/uploads\/2017\/06\/SzkolaHeliantus-logo.png","width":736,"height":383,"caption":"Szko\u0142a Podstawowa Heliantus"},"image":{"@id":"https:\/\/heliantus.pl\/szkola\/#\/schema\/logo\/image\/"},"sameAs":["https:\/\/facebook.com\/SPHeliantus","https:\/\/www.youtube.com\/channel\/UCjcaE5GVlsROqRDHQFVe6AA"]},{"@type":"Person","@id":"https:\/\/heliantus.pl\/szkola\/#\/schema\/person\/a624713d1fe35413043b0557f7c923f7","name":"Micha\u0142 K\u0119ska","image":{"@type":"ImageObject","inLanguage":"pl-PL","@id":"https:\/\/secure.gravatar.com\/avatar\/ce6c43ad5dcc19d740ce48ca15b142320135e171dc0aaf39798cc0da24a5c044?s=96&d=mm&r=g","url":"https:\/\/secure.gravatar.com\/avatar\/ce6c43ad5dcc19d740ce48ca15b142320135e171dc0aaf39798cc0da24a5c044?s=96&d=mm&r=g","contentUrl":"https:\/\/secure.gravatar.com\/avatar\/ce6c43ad5dcc19d740ce48ca15b142320135e171dc0aaf39798cc0da24a5c044?s=96&d=mm&r=g","caption":"Micha\u0142 K\u0119ska"},"url":"https:\/\/heliantus.pl\/szkola\/author\/michal-keska\/"}]}},"amp_enabled":true,"_links":{"self":[{"href":"https:\/\/heliantus.pl\/szkola\/wp-json\/wp\/v2\/posts\/5791","targetHints":{"allow":["GET"]}}],"collection":[{"href":"https:\/\/heliantus.pl\/szkola\/wp-json\/wp\/v2\/posts"}],"about":[{"href":"https:\/\/heliantus.pl\/szkola\/wp-json\/wp\/v2\/types\/post"}],"author":[{"embeddable":true,"href":"https:\/\/heliantus.pl\/szkola\/wp-json\/wp\/v2\/users\/3"}],"replies":[{"embeddable":true,"href":"https:\/\/heliantus.pl\/szkola\/wp-json\/wp\/v2\/comments?post=5791"}],"version-history":[{"count":0,"href":"https:\/\/heliantus.pl\/szkola\/wp-json\/wp\/v2\/posts\/5791\/revisions"}],"wp:featuredmedia":[{"embeddable":true,"href":"https:\/\/heliantus.pl\/szkola\/wp-json\/wp\/v2\/media\/5792"}],"wp:attachment":[{"href":"https:\/\/heliantus.pl\/szkola\/wp-json\/wp\/v2\/media?parent=5791"}],"wp:term":[{"taxonomy":"category","embeddable":true,"href":"https:\/\/heliantus.pl\/szkola\/wp-json\/wp\/v2\/categories?post=5791"},{"taxonomy":"post_tag","embeddable":true,"href":"https:\/\/heliantus.pl\/szkola\/wp-json\/wp\/v2\/tags?post=5791"}],"curies":[{"name":"wp","href":"https:\/\/api.w.org\/{rel}","templated":true}]}}