{"id":1253,"date":"2017-10-25T17:05:34","date_gmt":"2017-10-25T16:05:34","guid":{"rendered":"http:\/\/heliantus.pl\/szkola\/?p=1253"},"modified":"2018-08-19T22:50:10","modified_gmt":"2018-08-19T21:50:10","slug":"inscenizacja-poswiecona-janowi-pawlowi-ii","status":"publish","type":"post","link":"https:\/\/heliantus.pl\/szkola\/aktualnosci\/archiwum\/inscenizacja-poswiecona-janowi-pawlowi-ii\/","title":{"rendered":"Inscenizacja po\u015bwi\u0119cona Janowi Paw\u0142owi II"},"content":{"rendered":"<p>W ostatni poniedzia\u0142ek z okazji Dnia Papieskiego siostra \u0141ukasza przygotowa\u0142a z uczniami kr\u00f3tki monta\u017c s\u0142owno-muzyczny po\u015bwi\u0119cony \u015bw. Janowi Paw\u0142owi II. To wydarzenie u\u015bwietni\u0142y utwory poetyckie i piosenki. Uczniowie mieli okazj\u0119 za\u015bpiewa\u0107 ulubion\u0105 piosenk\u0119 Karola Wojty\u0142y &#8211; &#8222;Bark\u0119&#8221;.<\/p>\n<p><a href=\"http:\/\/heliantus.pl\/szkola\/wp-content\/uploads\/2017\/10\/22773495_10209079590540179_1801532544_n.jpg\" data-rel=\"lightbox-gallery-I9KXx6e0\" data-rl_title=\"\" data-rl_caption=\"\" title=\"\"><img fetchpriority=\"high\" decoding=\"async\" src=\"http:\/\/heliantus.pl\/szkola\/wp-content\/uploads\/2017\/10\/22773495_10209079590540179_1801532544_n-300x191.jpg\" alt=\"\" width=\"300\" height=\"191\" class=\"alignnone size-medium wp-image-1254\" srcset=\"https:\/\/heliantus.pl\/szkola\/wp-content\/uploads\/2017\/10\/22773495_10209079590540179_1801532544_n-300x191.jpg 300w, https:\/\/heliantus.pl\/szkola\/wp-content\/uploads\/2017\/10\/22773495_10209079590540179_1801532544_n-768x488.jpg 768w, https:\/\/heliantus.pl\/szkola\/wp-content\/uploads\/2017\/10\/22773495_10209079590540179_1801532544_n-360x229.jpg 360w, https:\/\/heliantus.pl\/szkola\/wp-content\/uploads\/2017\/10\/22773495_10209079590540179_1801532544_n.jpg 850w\" sizes=\"(max-width: 300px) 100vw, 300px\" \/><\/a><\/p>\n<p><a href=\"http:\/\/heliantus.pl\/szkola\/wp-content\/uploads\/2017\/10\/WIN_20171023_111251.jpg\" data-rel=\"lightbox-gallery-I9KXx6e0\" data-rl_title=\"\" data-rl_caption=\"\" title=\"\"><img decoding=\"async\" src=\"http:\/\/heliantus.pl\/szkola\/wp-content\/uploads\/2017\/10\/WIN_20171023_111251-300x169.jpg\" alt=\"\" width=\"300\" height=\"169\" class=\"alignnone size-medium wp-image-1255\" srcset=\"https:\/\/heliantus.pl\/szkola\/wp-content\/uploads\/2017\/10\/WIN_20171023_111251-300x169.jpg 300w, https:\/\/heliantus.pl\/szkola\/wp-content\/uploads\/2017\/10\/WIN_20171023_111251-768x432.jpg 768w, https:\/\/heliantus.pl\/szkola\/wp-content\/uploads\/2017\/10\/WIN_20171023_111251-1024x576.jpg 1024w, https:\/\/heliantus.pl\/szkola\/wp-content\/uploads\/2017\/10\/WIN_20171023_111251-360x203.jpg 360w, https:\/\/heliantus.pl\/szkola\/wp-content\/uploads\/2017\/10\/WIN_20171023_111251.jpg 1280w\" sizes=\"(max-width: 300px) 100vw, 300px\" \/><\/a><\/p>\n<p><a href=\"http:\/\/heliantus.pl\/szkola\/wp-content\/uploads\/2017\/10\/WIN_20171023_111325.jpg\" data-rel=\"lightbox-gallery-I9KXx6e0\" data-rl_title=\"\" data-rl_caption=\"\" title=\"\"><img decoding=\"async\" src=\"http:\/\/heliantus.pl\/szkola\/wp-content\/uploads\/2017\/10\/WIN_20171023_111325-300x169.jpg\" alt=\"\" width=\"300\" height=\"169\" class=\"alignnone size-medium wp-image-1256\" srcset=\"https:\/\/heliantus.pl\/szkola\/wp-content\/uploads\/2017\/10\/WIN_20171023_111325-300x169.jpg 300w, https:\/\/heliantus.pl\/szkola\/wp-content\/uploads\/2017\/10\/WIN_20171023_111325-768x432.jpg 768w, https:\/\/heliantus.pl\/szkola\/wp-content\/uploads\/2017\/10\/WIN_20171023_111325-1024x576.jpg 1024w, https:\/\/heliantus.pl\/szkola\/wp-content\/uploads\/2017\/10\/WIN_20171023_111325-360x203.jpg 360w, https:\/\/heliantus.pl\/szkola\/wp-content\/uploads\/2017\/10\/WIN_20171023_111325.jpg 1280w\" sizes=\"(max-width: 300px) 100vw, 300px\" \/><\/a><\/p>\n<p><a href=\"http:\/\/heliantus.pl\/szkola\/wp-content\/uploads\/2017\/10\/WIN_20171023_111339.jpg\" data-rel=\"lightbox-gallery-I9KXx6e0\" data-rl_title=\"\" data-rl_caption=\"\" title=\"\"><img loading=\"lazy\" decoding=\"async\" src=\"http:\/\/heliantus.pl\/szkola\/wp-content\/uploads\/2017\/10\/WIN_20171023_111339-300x169.jpg\" alt=\"\" width=\"300\" height=\"169\" class=\"alignnone size-medium wp-image-1257\" srcset=\"https:\/\/heliantus.pl\/szkola\/wp-content\/uploads\/2017\/10\/WIN_20171023_111339-300x169.jpg 300w, https:\/\/heliantus.pl\/szkola\/wp-content\/uploads\/2017\/10\/WIN_20171023_111339-768x432.jpg 768w, https:\/\/heliantus.pl\/szkola\/wp-content\/uploads\/2017\/10\/WIN_20171023_111339-1024x576.jpg 1024w, https:\/\/heliantus.pl\/szkola\/wp-content\/uploads\/2017\/10\/WIN_20171023_111339-360x203.jpg 360w, https:\/\/heliantus.pl\/szkola\/wp-content\/uploads\/2017\/10\/WIN_20171023_111339.jpg 1280w\" sizes=\"(max-width: 300px) 100vw, 300px\" \/><\/a><\/p>\n<p><a href=\"http:\/\/heliantus.pl\/szkola\/wp-content\/uploads\/2017\/10\/WIN_20171023_111419.jpg\" data-rel=\"lightbox-gallery-I9KXx6e0\" data-rl_title=\"\" data-rl_caption=\"\" title=\"\"><img loading=\"lazy\" decoding=\"async\" src=\"http:\/\/heliantus.pl\/szkola\/wp-content\/uploads\/2017\/10\/WIN_20171023_111419-300x169.jpg\" alt=\"\" width=\"300\" height=\"169\" class=\"alignnone size-medium wp-image-1258\" srcset=\"https:\/\/heliantus.pl\/szkola\/wp-content\/uploads\/2017\/10\/WIN_20171023_111419-300x169.jpg 300w, https:\/\/heliantus.pl\/szkola\/wp-content\/uploads\/2017\/10\/WIN_20171023_111419-768x432.jpg 768w, https:\/\/heliantus.pl\/szkola\/wp-content\/uploads\/2017\/10\/WIN_20171023_111419-1024x576.jpg 1024w, https:\/\/heliantus.pl\/szkola\/wp-content\/uploads\/2017\/10\/WIN_20171023_111419-360x203.jpg 360w, https:\/\/heliantus.pl\/szkola\/wp-content\/uploads\/2017\/10\/WIN_20171023_111419.jpg 1280w\" sizes=\"(max-width: 300px) 100vw, 300px\" \/><\/a><\/p>\n<p><a href=\"http:\/\/heliantus.pl\/szkola\/wp-content\/uploads\/2017\/10\/WIN_20171023_111506.jpg\" data-rel=\"lightbox-gallery-I9KXx6e0\" data-rl_title=\"\" data-rl_caption=\"\" title=\"\"><img loading=\"lazy\" decoding=\"async\" src=\"http:\/\/heliantus.pl\/szkola\/wp-content\/uploads\/2017\/10\/WIN_20171023_111506-300x169.jpg\" alt=\"\" width=\"300\" height=\"169\" class=\"alignnone size-medium wp-image-1259\" srcset=\"https:\/\/heliantus.pl\/szkola\/wp-content\/uploads\/2017\/10\/WIN_20171023_111506-300x169.jpg 300w, https:\/\/heliantus.pl\/szkola\/wp-content\/uploads\/2017\/10\/WIN_20171023_111506-768x432.jpg 768w, https:\/\/heliantus.pl\/szkola\/wp-content\/uploads\/2017\/10\/WIN_20171023_111506-1024x576.jpg 1024w, https:\/\/heliantus.pl\/szkola\/wp-content\/uploads\/2017\/10\/WIN_20171023_111506-360x203.jpg 360w, https:\/\/heliantus.pl\/szkola\/wp-content\/uploads\/2017\/10\/WIN_20171023_111506.jpg 1280w\" sizes=\"(max-width: 300px) 100vw, 300px\" \/><\/a><\/p>\n<p><a href=\"http:\/\/heliantus.pl\/szkola\/wp-content\/uploads\/2017\/10\/WIN_20171023_111315.jpg\" data-rel=\"lightbox-gallery-I9KXx6e0\" data-rl_title=\"\" data-rl_caption=\"\" title=\"\"><img loading=\"lazy\" decoding=\"async\" src=\"http:\/\/heliantus.pl\/szkola\/wp-content\/uploads\/2017\/10\/WIN_20171023_111315-300x169.jpg\" alt=\"\" width=\"300\" height=\"169\" class=\"alignnone size-medium wp-image-1260\" srcset=\"https:\/\/heliantus.pl\/szkola\/wp-content\/uploads\/2017\/10\/WIN_20171023_111315-300x169.jpg 300w, https:\/\/heliantus.pl\/szkola\/wp-content\/uploads\/2017\/10\/WIN_20171023_111315-768x432.jpg 768w, https:\/\/heliantus.pl\/szkola\/wp-content\/uploads\/2017\/10\/WIN_20171023_111315-1024x576.jpg 1024w, https:\/\/heliantus.pl\/szkola\/wp-content\/uploads\/2017\/10\/WIN_20171023_111315-360x203.jpg 360w, https:\/\/heliantus.pl\/szkola\/wp-content\/uploads\/2017\/10\/WIN_20171023_111315.jpg 1280w\" sizes=\"(max-width: 300px) 100vw, 300px\" \/><\/a><\/p>\n","protected":false},"excerpt":{"rendered":"<p>W ostatni poniedzia\u0142ek z okazji Dnia Papieskiego siostra \u0141ukasza przygotowa\u0142a z uczniami kr\u00f3tki monta\u017c s\u0142owno-muzyczny po\u015bwi\u0119cony \u015bw. Janowi Paw\u0142owi II. To wydarzenie u\u015bwietni\u0142y utwory poetyckie i piosenki. Uczniowie mieli okazj\u0119 za\u015bpiewa\u0107 ulubion\u0105 piosenk\u0119 Karola Wojty\u0142y &#8211; &#8222;Bark\u0119&#8221;.<\/p>\n","protected":false},"author":1,"featured_media":1258,"comment_status":"closed","ping_status":"closed","sticky":false,"template":"","format":"standard","meta":{"_eb_attr":"","footnotes":""},"categories":[24],"tags":[],"class_list":["post-1253","post","type-post","status-publish","format-standard","has-post-thumbnail","hentry","category-archiwum"],"yoast_head":"<!-- This site is optimized with the Yoast SEO plugin v27.5 - https:\/\/yoast.com\/product\/yoast-seo-wordpress\/ -->\n<title>Szko\u0142a Podstawowa Heliantus | niepubliczna szko\u0142a podstawowa Warszawa-Ursyn\u00f3wInscenizacja po\u015bwi\u0119cona Janowi Paw\u0142owi II | Szko\u0142a Podstawowa Heliantus<\/title>\n<meta name=\"description\" content=\"Niepubliczna szko\u0142a podstawowa Heliantus w Warszawie-Ursyn\u00f3w (przy granicy z J\u00f3zefos\u0142awiem). Program: matematyka, informatyka, j\u0119zyki obce. Rekrutacja 2026\/27.\" \/>\n<meta name=\"robots\" content=\"index, follow, max-snippet:-1, max-image-preview:large, max-video-preview:-1\" \/>\n<link rel=\"canonical\" href=\"https:\/\/heliantus.pl\/szkola\/aktualnosci\/archiwum\/inscenizacja-poswiecona-janowi-pawlowi-ii\/\" \/>\n<meta property=\"og:locale\" content=\"pl_PL\" \/>\n<meta property=\"og:type\" content=\"article\" \/>\n<meta property=\"og:title\" content=\"Szko\u0142a Podstawowa Heliantus | niepubliczna szko\u0142a podstawowa Warszawa-Ursyn\u00f3wInscenizacja po\u015bwi\u0119cona Janowi Paw\u0142owi II | Szko\u0142a Podstawowa Heliantus\" \/>\n<meta property=\"og:description\" content=\"Niepubliczna szko\u0142a podstawowa Heliantus w Warszawie-Ursyn\u00f3w (przy granicy z J\u00f3zefos\u0142awiem). Program: matematyka, informatyka, j\u0119zyki obce. Rekrutacja 2026\/27.\" \/>\n<meta property=\"og:url\" content=\"https:\/\/heliantus.pl\/szkola\/aktualnosci\/archiwum\/inscenizacja-poswiecona-janowi-pawlowi-ii\/\" \/>\n<meta property=\"og:site_name\" content=\"Szko\u0142a Podstawowa Heliantus\" \/>\n<meta property=\"article:publisher\" content=\"https:\/\/facebook.com\/SPHeliantus\" \/>\n<meta property=\"article:published_time\" content=\"2017-10-25T16:05:34+00:00\" \/>\n<meta property=\"article:modified_time\" content=\"2018-08-19T21:50:10+00:00\" \/>\n<meta property=\"og:image\" content=\"https:\/\/heliantus.pl\/szkola\/wp-content\/uploads\/2017\/10\/WIN_20171023_111419.jpg\" \/>\n\t<meta property=\"og:image:width\" content=\"1280\" \/>\n\t<meta property=\"og:image:height\" content=\"720\" \/>\n\t<meta property=\"og:image:type\" content=\"image\/jpeg\" \/>\n<meta name=\"author\" content=\"Heliantus\" \/>\n<meta name=\"twitter:card\" content=\"summary_large_image\" \/>\n<meta name=\"twitter:label1\" content=\"Napisane przez\" \/>\n\t<meta name=\"twitter:data1\" content=\"Heliantus\" \/>\n<script type=\"application\/ld+json\" class=\"yoast-schema-graph\">{\"@context\":\"https:\\\/\\\/schema.org\",\"@graph\":[{\"@type\":\"Article\",\"@id\":\"https:\\\/\\\/heliantus.pl\\\/szkola\\\/aktualnosci\\\/archiwum\\\/inscenizacja-poswiecona-janowi-pawlowi-ii\\\/#article\",\"isPartOf\":{\"@id\":\"https:\\\/\\\/heliantus.pl\\\/szkola\\\/aktualnosci\\\/archiwum\\\/inscenizacja-poswiecona-janowi-pawlowi-ii\\\/\"},\"author\":{\"name\":\"Heliantus\",\"@id\":\"https:\\\/\\\/heliantus.pl\\\/szkola\\\/#\\\/schema\\\/person\\\/81a1410eaff929555dc31a770dfd618d\"},\"headline\":\"Inscenizacja po\u015bwi\u0119cona Janowi Paw\u0142owi II\",\"datePublished\":\"2017-10-25T16:05:34+00:00\",\"dateModified\":\"2018-08-19T21:50:10+00:00\",\"mainEntityOfPage\":{\"@id\":\"https:\\\/\\\/heliantus.pl\\\/szkola\\\/aktualnosci\\\/archiwum\\\/inscenizacja-poswiecona-janowi-pawlowi-ii\\\/\"},\"wordCount\":56,\"publisher\":{\"@id\":\"https:\\\/\\\/heliantus.pl\\\/szkola\\\/#organization\"},\"image\":{\"@id\":\"https:\\\/\\\/heliantus.pl\\\/szkola\\\/aktualnosci\\\/archiwum\\\/inscenizacja-poswiecona-janowi-pawlowi-ii\\\/#primaryimage\"},\"thumbnailUrl\":\"https:\\\/\\\/heliantus.pl\\\/szkola\\\/wp-content\\\/uploads\\\/2017\\\/10\\\/WIN_20171023_111419.jpg\",\"articleSection\":[\"Archiwum\"],\"inLanguage\":\"pl-PL\"},{\"@type\":\"WebPage\",\"@id\":\"https:\\\/\\\/heliantus.pl\\\/szkola\\\/aktualnosci\\\/archiwum\\\/inscenizacja-poswiecona-janowi-pawlowi-ii\\\/\",\"url\":\"https:\\\/\\\/heliantus.pl\\\/szkola\\\/aktualnosci\\\/archiwum\\\/inscenizacja-poswiecona-janowi-pawlowi-ii\\\/\",\"name\":\"Szko\u0142a Podstawowa Heliantus | niepubliczna szko\u0142a podstawowa Warszawa-Ursyn\u00f3wInscenizacja po\u015bwi\u0119cona Janowi Paw\u0142owi II | Szko\u0142a Podstawowa Heliantus\",\"isPartOf\":{\"@id\":\"https:\\\/\\\/heliantus.pl\\\/szkola\\\/#website\"},\"primaryImageOfPage\":{\"@id\":\"https:\\\/\\\/heliantus.pl\\\/szkola\\\/aktualnosci\\\/archiwum\\\/inscenizacja-poswiecona-janowi-pawlowi-ii\\\/#primaryimage\"},\"image\":{\"@id\":\"https:\\\/\\\/heliantus.pl\\\/szkola\\\/aktualnosci\\\/archiwum\\\/inscenizacja-poswiecona-janowi-pawlowi-ii\\\/#primaryimage\"},\"thumbnailUrl\":\"https:\\\/\\\/heliantus.pl\\\/szkola\\\/wp-content\\\/uploads\\\/2017\\\/10\\\/WIN_20171023_111419.jpg\",\"datePublished\":\"2017-10-25T16:05:34+00:00\",\"dateModified\":\"2018-08-19T21:50:10+00:00\",\"description\":\"Niepubliczna szko\u0142a podstawowa Heliantus w Warszawie-Ursyn\u00f3w (przy granicy z J\u00f3zefos\u0142awiem). Program: matematyka, informatyka, j\u0119zyki obce. Rekrutacja 2026\\\/27.\",\"breadcrumb\":{\"@id\":\"https:\\\/\\\/heliantus.pl\\\/szkola\\\/aktualnosci\\\/archiwum\\\/inscenizacja-poswiecona-janowi-pawlowi-ii\\\/#breadcrumb\"},\"inLanguage\":\"pl-PL\",\"potentialAction\":[{\"@type\":\"ReadAction\",\"target\":[\"https:\\\/\\\/heliantus.pl\\\/szkola\\\/aktualnosci\\\/archiwum\\\/inscenizacja-poswiecona-janowi-pawlowi-ii\\\/\"]}]},{\"@type\":\"ImageObject\",\"inLanguage\":\"pl-PL\",\"@id\":\"https:\\\/\\\/heliantus.pl\\\/szkola\\\/aktualnosci\\\/archiwum\\\/inscenizacja-poswiecona-janowi-pawlowi-ii\\\/#primaryimage\",\"url\":\"https:\\\/\\\/heliantus.pl\\\/szkola\\\/wp-content\\\/uploads\\\/2017\\\/10\\\/WIN_20171023_111419.jpg\",\"contentUrl\":\"https:\\\/\\\/heliantus.pl\\\/szkola\\\/wp-content\\\/uploads\\\/2017\\\/10\\\/WIN_20171023_111419.jpg\",\"width\":1280,\"height\":720},{\"@type\":\"BreadcrumbList\",\"@id\":\"https:\\\/\\\/heliantus.pl\\\/szkola\\\/aktualnosci\\\/archiwum\\\/inscenizacja-poswiecona-janowi-pawlowi-ii\\\/#breadcrumb\",\"itemListElement\":[{\"@type\":\"ListItem\",\"position\":1,\"name\":\"Szko\u0142a Podstawowa\",\"item\":\"https:\\\/\\\/heliantus.pl\\\/szkola\\\/\"},{\"@type\":\"ListItem\",\"position\":2,\"name\":\"Inscenizacja po\u015bwi\u0119cona Janowi Paw\u0142owi II\"}]},{\"@type\":\"WebSite\",\"@id\":\"https:\\\/\\\/heliantus.pl\\\/szkola\\\/#website\",\"url\":\"https:\\\/\\\/heliantus.pl\\\/szkola\\\/\",\"name\":\"Szko\u0142a Podstawowa Heliantus | Niepubliczna szko\u0142a Ursyn\u00f3w, J\u00f3zefos\u0142aw | Programowanie, j\u0119zyki, matematyka\",\"description\":\"MATEMATYKA INFORMATYKA J\u0118ZYKI\",\"publisher\":{\"@id\":\"https:\\\/\\\/heliantus.pl\\\/szkola\\\/#organization\"},\"alternateName\":\"SP Heliantus\",\"potentialAction\":[{\"@type\":\"SearchAction\",\"target\":{\"@type\":\"EntryPoint\",\"urlTemplate\":\"https:\\\/\\\/heliantus.pl\\\/szkola\\\/?s={search_term_string}\"},\"query-input\":{\"@type\":\"PropertyValueSpecification\",\"valueRequired\":true,\"valueName\":\"search_term_string\"}}],\"inLanguage\":\"pl-PL\"},{\"@type\":\"Organization\",\"@id\":\"https:\\\/\\\/heliantus.pl\\\/szkola\\\/#organization\",\"name\":\"Szko\u0142a Podstawowa Heliantus\",\"alternateName\":\"SP Heliantus\",\"url\":\"https:\\\/\\\/heliantus.pl\\\/szkola\\\/\",\"logo\":{\"@type\":\"ImageObject\",\"inLanguage\":\"pl-PL\",\"@id\":\"https:\\\/\\\/heliantus.pl\\\/szkola\\\/#\\\/schema\\\/logo\\\/image\\\/\",\"url\":\"https:\\\/\\\/heliantus.pl\\\/szkola\\\/wp-content\\\/uploads\\\/2017\\\/06\\\/SzkolaHeliantus-logo.png\",\"contentUrl\":\"https:\\\/\\\/heliantus.pl\\\/szkola\\\/wp-content\\\/uploads\\\/2017\\\/06\\\/SzkolaHeliantus-logo.png\",\"width\":736,\"height\":383,\"caption\":\"Szko\u0142a Podstawowa Heliantus\"},\"image\":{\"@id\":\"https:\\\/\\\/heliantus.pl\\\/szkola\\\/#\\\/schema\\\/logo\\\/image\\\/\"},\"sameAs\":[\"https:\\\/\\\/facebook.com\\\/SPHeliantus\",\"https:\\\/\\\/www.youtube.com\\\/channel\\\/UCjcaE5GVlsROqRDHQFVe6AA\"]},{\"@type\":\"Person\",\"@id\":\"https:\\\/\\\/heliantus.pl\\\/szkola\\\/#\\\/schema\\\/person\\\/81a1410eaff929555dc31a770dfd618d\",\"name\":\"Heliantus\",\"image\":{\"@type\":\"ImageObject\",\"inLanguage\":\"pl-PL\",\"@id\":\"https:\\\/\\\/secure.gravatar.com\\\/avatar\\\/825d0a11f80b9cb86f147ea3e02c48f23be33653c910718db45d4e4453580332?s=96&d=mm&r=g\",\"url\":\"https:\\\/\\\/secure.gravatar.com\\\/avatar\\\/825d0a11f80b9cb86f147ea3e02c48f23be33653c910718db45d4e4453580332?s=96&d=mm&r=g\",\"contentUrl\":\"https:\\\/\\\/secure.gravatar.com\\\/avatar\\\/825d0a11f80b9cb86f147ea3e02c48f23be33653c910718db45d4e4453580332?s=96&d=mm&r=g\",\"caption\":\"Heliantus\"},\"url\":\"https:\\\/\\\/heliantus.pl\\\/szkola\\\/author\\\/heliantus\\\/\"}]}<\/script>\n<!-- \/ Yoast SEO plugin. -->","yoast_head_json":{"title":"Szko\u0142a Podstawowa Heliantus | niepubliczna szko\u0142a podstawowa Warszawa-Ursyn\u00f3wInscenizacja po\u015bwi\u0119cona Janowi Paw\u0142owi II | Szko\u0142a Podstawowa Heliantus","description":"Niepubliczna szko\u0142a podstawowa Heliantus w Warszawie-Ursyn\u00f3w (przy granicy z J\u00f3zefos\u0142awiem). Program: matematyka, informatyka, j\u0119zyki obce. Rekrutacja 2026\/27.","robots":{"index":"index","follow":"follow","max-snippet":"max-snippet:-1","max-image-preview":"max-image-preview:large","max-video-preview":"max-video-preview:-1"},"canonical":"https:\/\/heliantus.pl\/szkola\/aktualnosci\/archiwum\/inscenizacja-poswiecona-janowi-pawlowi-ii\/","og_locale":"pl_PL","og_type":"article","og_title":"Szko\u0142a Podstawowa Heliantus | niepubliczna szko\u0142a podstawowa Warszawa-Ursyn\u00f3wInscenizacja po\u015bwi\u0119cona Janowi Paw\u0142owi II | Szko\u0142a Podstawowa Heliantus","og_description":"Niepubliczna szko\u0142a podstawowa Heliantus w Warszawie-Ursyn\u00f3w (przy granicy z J\u00f3zefos\u0142awiem). Program: matematyka, informatyka, j\u0119zyki obce. Rekrutacja 2026\/27.","og_url":"https:\/\/heliantus.pl\/szkola\/aktualnosci\/archiwum\/inscenizacja-poswiecona-janowi-pawlowi-ii\/","og_site_name":"Szko\u0142a Podstawowa Heliantus","article_publisher":"https:\/\/facebook.com\/SPHeliantus","article_published_time":"2017-10-25T16:05:34+00:00","article_modified_time":"2018-08-19T21:50:10+00:00","og_image":[{"width":1280,"height":720,"url":"https:\/\/heliantus.pl\/szkola\/wp-content\/uploads\/2017\/10\/WIN_20171023_111419.jpg","type":"image\/jpeg"}],"author":"Heliantus","twitter_card":"summary_large_image","twitter_misc":{"Napisane przez":"Heliantus"},"schema":{"@context":"https:\/\/schema.org","@graph":[{"@type":"Article","@id":"https:\/\/heliantus.pl\/szkola\/aktualnosci\/archiwum\/inscenizacja-poswiecona-janowi-pawlowi-ii\/#article","isPartOf":{"@id":"https:\/\/heliantus.pl\/szkola\/aktualnosci\/archiwum\/inscenizacja-poswiecona-janowi-pawlowi-ii\/"},"author":{"name":"Heliantus","@id":"https:\/\/heliantus.pl\/szkola\/#\/schema\/person\/81a1410eaff929555dc31a770dfd618d"},"headline":"Inscenizacja po\u015bwi\u0119cona Janowi Paw\u0142owi II","datePublished":"2017-10-25T16:05:34+00:00","dateModified":"2018-08-19T21:50:10+00:00","mainEntityOfPage":{"@id":"https:\/\/heliantus.pl\/szkola\/aktualnosci\/archiwum\/inscenizacja-poswiecona-janowi-pawlowi-ii\/"},"wordCount":56,"publisher":{"@id":"https:\/\/heliantus.pl\/szkola\/#organization"},"image":{"@id":"https:\/\/heliantus.pl\/szkola\/aktualnosci\/archiwum\/inscenizacja-poswiecona-janowi-pawlowi-ii\/#primaryimage"},"thumbnailUrl":"https:\/\/heliantus.pl\/szkola\/wp-content\/uploads\/2017\/10\/WIN_20171023_111419.jpg","articleSection":["Archiwum"],"inLanguage":"pl-PL"},{"@type":"WebPage","@id":"https:\/\/heliantus.pl\/szkola\/aktualnosci\/archiwum\/inscenizacja-poswiecona-janowi-pawlowi-ii\/","url":"https:\/\/heliantus.pl\/szkola\/aktualnosci\/archiwum\/inscenizacja-poswiecona-janowi-pawlowi-ii\/","name":"Szko\u0142a Podstawowa Heliantus | niepubliczna szko\u0142a podstawowa Warszawa-Ursyn\u00f3wInscenizacja po\u015bwi\u0119cona Janowi Paw\u0142owi II | Szko\u0142a Podstawowa Heliantus","isPartOf":{"@id":"https:\/\/heliantus.pl\/szkola\/#website"},"primaryImageOfPage":{"@id":"https:\/\/heliantus.pl\/szkola\/aktualnosci\/archiwum\/inscenizacja-poswiecona-janowi-pawlowi-ii\/#primaryimage"},"image":{"@id":"https:\/\/heliantus.pl\/szkola\/aktualnosci\/archiwum\/inscenizacja-poswiecona-janowi-pawlowi-ii\/#primaryimage"},"thumbnailUrl":"https:\/\/heliantus.pl\/szkola\/wp-content\/uploads\/2017\/10\/WIN_20171023_111419.jpg","datePublished":"2017-10-25T16:05:34+00:00","dateModified":"2018-08-19T21:50:10+00:00","description":"Niepubliczna szko\u0142a podstawowa Heliantus w Warszawie-Ursyn\u00f3w (przy granicy z J\u00f3zefos\u0142awiem). Program: matematyka, informatyka, j\u0119zyki obce. Rekrutacja 2026\/27.","breadcrumb":{"@id":"https:\/\/heliantus.pl\/szkola\/aktualnosci\/archiwum\/inscenizacja-poswiecona-janowi-pawlowi-ii\/#breadcrumb"},"inLanguage":"pl-PL","potentialAction":[{"@type":"ReadAction","target":["https:\/\/heliantus.pl\/szkola\/aktualnosci\/archiwum\/inscenizacja-poswiecona-janowi-pawlowi-ii\/"]}]},{"@type":"ImageObject","inLanguage":"pl-PL","@id":"https:\/\/heliantus.pl\/szkola\/aktualnosci\/archiwum\/inscenizacja-poswiecona-janowi-pawlowi-ii\/#primaryimage","url":"https:\/\/heliantus.pl\/szkola\/wp-content\/uploads\/2017\/10\/WIN_20171023_111419.jpg","contentUrl":"https:\/\/heliantus.pl\/szkola\/wp-content\/uploads\/2017\/10\/WIN_20171023_111419.jpg","width":1280,"height":720},{"@type":"BreadcrumbList","@id":"https:\/\/heliantus.pl\/szkola\/aktualnosci\/archiwum\/inscenizacja-poswiecona-janowi-pawlowi-ii\/#breadcrumb","itemListElement":[{"@type":"ListItem","position":1,"name":"Szko\u0142a Podstawowa","item":"https:\/\/heliantus.pl\/szkola\/"},{"@type":"ListItem","position":2,"name":"Inscenizacja po\u015bwi\u0119cona Janowi Paw\u0142owi II"}]},{"@type":"WebSite","@id":"https:\/\/heliantus.pl\/szkola\/#website","url":"https:\/\/heliantus.pl\/szkola\/","name":"Szko\u0142a Podstawowa Heliantus | Niepubliczna szko\u0142a Ursyn\u00f3w, J\u00f3zefos\u0142aw | Programowanie, j\u0119zyki, matematyka","description":"MATEMATYKA INFORMATYKA J\u0118ZYKI","publisher":{"@id":"https:\/\/heliantus.pl\/szkola\/#organization"},"alternateName":"SP Heliantus","potentialAction":[{"@type":"SearchAction","target":{"@type":"EntryPoint","urlTemplate":"https:\/\/heliantus.pl\/szkola\/?s={search_term_string}"},"query-input":{"@type":"PropertyValueSpecification","valueRequired":true,"valueName":"search_term_string"}}],"inLanguage":"pl-PL"},{"@type":"Organization","@id":"https:\/\/heliantus.pl\/szkola\/#organization","name":"Szko\u0142a Podstawowa Heliantus","alternateName":"SP Heliantus","url":"https:\/\/heliantus.pl\/szkola\/","logo":{"@type":"ImageObject","inLanguage":"pl-PL","@id":"https:\/\/heliantus.pl\/szkola\/#\/schema\/logo\/image\/","url":"https:\/\/heliantus.pl\/szkola\/wp-content\/uploads\/2017\/06\/SzkolaHeliantus-logo.png","contentUrl":"https:\/\/heliantus.pl\/szkola\/wp-content\/uploads\/2017\/06\/SzkolaHeliantus-logo.png","width":736,"height":383,"caption":"Szko\u0142a Podstawowa Heliantus"},"image":{"@id":"https:\/\/heliantus.pl\/szkola\/#\/schema\/logo\/image\/"},"sameAs":["https:\/\/facebook.com\/SPHeliantus","https:\/\/www.youtube.com\/channel\/UCjcaE5GVlsROqRDHQFVe6AA"]},{"@type":"Person","@id":"https:\/\/heliantus.pl\/szkola\/#\/schema\/person\/81a1410eaff929555dc31a770dfd618d","name":"Heliantus","image":{"@type":"ImageObject","inLanguage":"pl-PL","@id":"https:\/\/secure.gravatar.com\/avatar\/825d0a11f80b9cb86f147ea3e02c48f23be33653c910718db45d4e4453580332?s=96&d=mm&r=g","url":"https:\/\/secure.gravatar.com\/avatar\/825d0a11f80b9cb86f147ea3e02c48f23be33653c910718db45d4e4453580332?s=96&d=mm&r=g","contentUrl":"https:\/\/secure.gravatar.com\/avatar\/825d0a11f80b9cb86f147ea3e02c48f23be33653c910718db45d4e4453580332?s=96&d=mm&r=g","caption":"Heliantus"},"url":"https:\/\/heliantus.pl\/szkola\/author\/heliantus\/"}]}},"amp_enabled":true,"_links":{"self":[{"href":"https:\/\/heliantus.pl\/szkola\/wp-json\/wp\/v2\/posts\/1253","targetHints":{"allow":["GET"]}}],"collection":[{"href":"https:\/\/heliantus.pl\/szkola\/wp-json\/wp\/v2\/posts"}],"about":[{"href":"https:\/\/heliantus.pl\/szkola\/wp-json\/wp\/v2\/types\/post"}],"author":[{"embeddable":true,"href":"https:\/\/heliantus.pl\/szkola\/wp-json\/wp\/v2\/users\/1"}],"replies":[{"embeddable":true,"href":"https:\/\/heliantus.pl\/szkola\/wp-json\/wp\/v2\/comments?post=1253"}],"version-history":[{"count":0,"href":"https:\/\/heliantus.pl\/szkola\/wp-json\/wp\/v2\/posts\/1253\/revisions"}],"wp:featuredmedia":[{"embeddable":true,"href":"https:\/\/heliantus.pl\/szkola\/wp-json\/wp\/v2\/media\/1258"}],"wp:attachment":[{"href":"https:\/\/heliantus.pl\/szkola\/wp-json\/wp\/v2\/media?parent=1253"}],"wp:term":[{"taxonomy":"category","embeddable":true,"href":"https:\/\/heliantus.pl\/szkola\/wp-json\/wp\/v2\/categories?post=1253"},{"taxonomy":"post_tag","embeddable":true,"href":"https:\/\/heliantus.pl\/szkola\/wp-json\/wp\/v2\/tags?post=1253"}],"curies":[{"name":"wp","href":"https:\/\/api.w.org\/{rel}","templated":true}]}}